{"id":951,"date":"2023-07-04T12:09:24","date_gmt":"2023-07-04T12:09:24","guid":{"rendered":"https:\/\/crveni-kriz-delnice.hr\/?p=951"},"modified":"2023-07-04T12:09:24","modified_gmt":"2023-07-04T12:09:24","slug":"program-sigurnost-na-vodi","status":"publish","type":"post","link":"https:\/\/crveni-kriz-delnice.hr\/index.php\/program-sigurnost-na-vodi\/","title":{"rendered":"Program \u201eSigurnost na vodi\u201c"},"content":{"rendered":"\n<p>Gradsko dru\u0161tvo Crvenog kri\u017ea Delnice provodi brojne programe za djecu i mlade. U suradnji s Hrvatskim Crvenim kri\u017eem provodimo program \u201eSigurnosti na vodi\u201c Slu\u017ebe spa\u0161avanja \u017eivota na vodi i ekolo\u0161ka za\u0161tita priobalja. Ove \u0161kolske godine, 2022.\/2023. provodili smo programe:<\/p>\n\n\n\n<ul class=\"wp-block-list\">\n<li>Kodovi sigurnosti na vodi,<\/li>\n\n\n\n<li>Junior spasioc,<\/li>\n\n\n\n<li>\u0160kola plivanja.<\/li>\n<\/ul>\n\n\n\n<p>Tro\u0161kovi dosada\u0161nje provedbe navedenih programa iznose 2.500,00 eura, \u010dime se financirao tro\u0161ak najma bazena, tro\u0161ak prijevoza djece, organizacija i provedba programa Sigurnost na vodi, organizacija natjecanja u plivanju te svi ostali tro\u0161kovi koji proizlaze iz same provedbe projekta kao \u0161to su marenda te osvje\u017eenje u vidu vode i vo\u0107a.<\/p>\n\n\n\n<p>Kodovi sigurnosti na vodi ili Tko se boji vode! namijenjen u\u010denicima 4 razreda osnovnih \u0161kola s ciljem podizanja svijesti kod djece o opasnostima i rizicima u i na vodi. U 8 radionica 93 u\u010denika putem videoprojekcije upoznalo se s opasnostima tijekom kupanja, kako se trebaju pona\u0161ati na vodi, primjerice da ne plivaju najmanje jedan sat nakon ru\u010dka, da ne ulaze vru\u0107i u vodu, da ne ska\u010du u vodu nepoznate dubine, da nikad ne plivaju sami, da plivaju u blizini spasilaca. Tako\u0111er, prikazuju im se primjeri, ako se uo\u010di nekoga u vodi u nevolji, da odmah zatra\u017ee pomo\u0107, a ako se njima dogodi nevolja da ostanu smireni, da plutaju na le\u0111ima i ma\u0161u jednom rukom za pomo\u0107. Upoznavali su se sa likom i na\u010dinom djelovanja spasilaca, spasila\u010dkom opremom, te morskom florom i faunom s naglaskom na za\u0161ti\u0107ene vrste. Sadr\u017eaj radionica povezan je s pona\u0161anjem u slatkim vodama kojima obiluje Gorski kotar, a gra\u0111ani i djeca \u010desto tijekom ljeta odlaze na kupali\u0161ta (Fu\u017einarsko i Lokvarsko jezero, rijeka Kupa).<\/p>\n\n\n\n<p>Junior spasilac je trodnevni te\u010daj koji ima svrhu upoznavanja mladih sa stvarnim poslom i vje\u0161tinama spasioca za u\u010denike sedmih i osmih razreda osnovnih \u0161kola. Te\u010daj smo proveli u dvije grupe s 20 mladih koji su osim spasila\u010dkih vje\u0161tina stekli osnovna znanja pru\u017eanja prve pomo\u0107i. Stekli su znanja i vje\u0161tine u vodi, vje\u0161tine izvan vode Spasila\u010dke slu\u017ebe i osnove pru\u017eanja prve pomo\u0107i. Osmero na\u0161e djece pozvano je u ljetni kamp u Novom Vinodolskom od 10. do 15. srpnja, \u0161to zna\u010di da su na\u0161i mladi pokazali zainteresiranost za spasila\u010dku slu\u017ebu i uspje\u0161no savladali postavljene ciljeve i zadatke. Sami cilj te\u010daja je motiviranje i poticanje mladih za spasila\u010dku slu\u017ebu, usvajanje spasila\u010dkih znanja i vje\u0161tina te usvajnje znanja iz lai\u010dke prve pomo\u0107i.<\/p>\n\n\n\n<p>\u0160kola plivanja ili Te\u010daj usvajanja i pobolj\u0161anja pliva\u010dkih sposobnosti namijenjen je u\u010denicima \u010detvrtih razreda osnovne \u0161kole s ciljem usvajanja i pobolj\u0161anja pliva\u010dkih sposobnosti djece. Te\u010daj se provodio tijekom pet dana, ukupno deset sati po grupi kojim je bilo obuhva\u0107eno 58 djece na\u0161ih \u0161kola. Djeca su stjecala znanja i vje\u0161tine razli\u010ditih tehnika plivanja, vje\u017ebe disanja , gledanja pod vodom te ronjenja. Obuhva\u0107enje su i metodi\u010dke vje\u017ebe skoka na glavu. Prema potrebi djeca su koristila plutaju\u0107e rekvizite (daska za plivanje, spu\u017evasta cijev). U sklopu \u0161kole plivanja provedeno je i natjecanje u plivanju u\u010denika osnovnih \u0161kola, a sudjelovalo je 74 u\u010denika.<br>Na jesen je predvi\u0111eno petnaest dana odnosno 30 sati \u0160kole plivanja. U dogovoru s \u0161kolama preostali dio predvi\u0111enih sati odraditi \u0107e se u prvom obrazovnom razdoblju \u0161kolske 2023.\/2024. godine. S ciljem kvalitetnijeg provo\u0111enja programa \u0160kole plivanja, s u\u010diteljima TZK provesti \u0107e se testiranje vje\u0161tina plivanja djece i mladih u svim \u0161kolama Gorskoga kotara. Time bi se dobili egzaktni podaci o broju djece pliva\u010da odnosno nepliva\u010da \u010dime bi se za sljede\u0107u godino izradio novi program, a u svrhu \u0161to boljeg ostvarivanja cilja \u0160kole plivanja.<\/p>\n\n\n\n<p>Provedbu progama Sigurnost na vodi u potpunosti financira Hrvatski Crveni kri\u017e Slu\u017eba spa\u0161avanja \u017eivota na vodi i ekolo\u0161ke za\u0161tite priobalja. Program ne bi bio uspje\u0161an bez izuzetne suradnje osnovnih \u0161kola Gorskoga kotara:<\/p>\n\n\n\n<ul class=\"wp-block-list\">\n<li>O\u0160 Frana Krste Frankopana, Brod na Kupi,<\/li>\n\n\n\n<li>O\u0160 Ivana Gorana Kova\u010di\u0107a, Delnice<\/li>\n\n\n\n<li>O\u0160 Rudolfa Strohala, Lokve<\/li>\n\n\n\n<li>O\u0160 Ivanke Trohar, Fu\u017eine<\/li>\n\n\n\n<li>O\u0160 Mrkopalj, Mrkopalj,<\/li>\n\n\n\n<li>O\u0160 dr.Branimira Markovi\u0107a, Ravna Gora,<\/li>\n\n\n\n<li>O\u0160 Brod Moravice, Brod Moravice,<\/li>\n\n\n\n<li>O\u0160 Skrad, Skrad<\/li>\n<\/ul>\n\n\n\n<p>Tijekom \u0161kolske godine 2022.\/2023. iz ukupno 8 Osnovnih \u0161kola programima Slu\u017ebe spa\u0161avanja \u017eivota na vodi i ekolo\u0161ke za\u0161tite priobalja obuhva\u0107eno je 172 djece i mladih.<\/p>\n\n\n\n<p>Zahvaljujemo se na izuzetnoj suradnji \u0161kolama i njihovim djelatnicima na pomo\u0107i u provedbi programa.<\/p>\n\n\n\n<figure class=\"wp-block-gallery has-nested-images columns-3 is-cropped wp-block-gallery-1 is-layout-flex wp-block-gallery-is-layout-flex\">\n<figure class=\"wp-block-image size-large\"><a href=\"https:\/\/crveni-kriz-delnice.hr\/wp-content\/uploads\/2023\/07\/Brod-Kupa-skola-plivanja.jpg\" data-rel=\"lightbox-image-0\" data-rl_title=\"\" data-rl_caption=\"\" title=\"\"><img decoding=\"async\" width=\"1200\" height=\"900\" data-id=\"952\" data-src=\"https:\/\/crveni-kriz-delnice.hr\/wp-content\/uploads\/2023\/07\/Brod-Kupa-skola-plivanja.jpg\" alt=\"\" class=\"wp-image-952 lazyload\" src=\"data:image\/svg+xml;base64,PHN2ZyB3aWR0aD0iMSIgaGVpZ2h0PSIxIiB4bWxucz0iaHR0cDovL3d3dy53My5vcmcvMjAwMC9zdmciPjwvc3ZnPg==\" style=\"--smush-placeholder-width: 1200px; --smush-placeholder-aspect-ratio: 1200\/900;\" \/><\/a><\/figure>\n\n\n\n<figure class=\"wp-block-image size-large\"><a href=\"https:\/\/crveni-kriz-delnice.hr\/wp-content\/uploads\/2023\/07\/IMG-3b2eeb3a290b0881ef305a2185ec74ba-V.jpg\" data-rel=\"lightbox-image-1\" data-rl_title=\"\" data-rl_caption=\"\" title=\"\"><img decoding=\"async\" width=\"1600\" height=\"1200\" data-id=\"955\" data-src=\"https:\/\/crveni-kriz-delnice.hr\/wp-content\/uploads\/2023\/07\/IMG-3b2eeb3a290b0881ef305a2185ec74ba-V.jpg\" alt=\"\" class=\"wp-image-955 lazyload\" src=\"data:image\/svg+xml;base64,PHN2ZyB3aWR0aD0iMSIgaGVpZ2h0PSIxIiB4bWxucz0iaHR0cDovL3d3dy53My5vcmcvMjAwMC9zdmciPjwvc3ZnPg==\" style=\"--smush-placeholder-width: 1600px; --smush-placeholder-aspect-ratio: 1600\/1200;\" \/><\/a><\/figure>\n\n\n\n<figure class=\"wp-block-image size-large\"><a href=\"https:\/\/crveni-kriz-delnice.hr\/wp-content\/uploads\/2023\/07\/Lokve.jpg\" data-rel=\"lightbox-image-2\" data-rl_title=\"\" data-rl_caption=\"\" title=\"\"><img decoding=\"async\" width=\"1600\" height=\"1205\" data-id=\"953\" data-src=\"https:\/\/crveni-kriz-delnice.hr\/wp-content\/uploads\/2023\/07\/Lokve.jpg\" alt=\"\" class=\"wp-image-953 lazyload\" src=\"data:image\/svg+xml;base64,PHN2ZyB3aWR0aD0iMSIgaGVpZ2h0PSIxIiB4bWxucz0iaHR0cDovL3d3dy53My5vcmcvMjAwMC9zdmciPjwvc3ZnPg==\" style=\"--smush-placeholder-width: 1600px; --smush-placeholder-aspect-ratio: 1600\/1205;\" \/><\/a><\/figure>\n\n\n\n<figure class=\"wp-block-image size-large\"><a href=\"https:\/\/crveni-kriz-delnice.hr\/wp-content\/uploads\/2023\/07\/Mrkopalj.jpg\" data-rel=\"lightbox-image-3\" data-rl_title=\"\" data-rl_caption=\"\" title=\"\"><img decoding=\"async\" width=\"1800\" height=\"1350\" data-id=\"957\" data-src=\"https:\/\/crveni-kriz-delnice.hr\/wp-content\/uploads\/2023\/07\/Mrkopalj.jpg\" alt=\"\" class=\"wp-image-957 lazyload\" src=\"data:image\/svg+xml;base64,PHN2ZyB3aWR0aD0iMSIgaGVpZ2h0PSIxIiB4bWxucz0iaHR0cDovL3d3dy53My5vcmcvMjAwMC9zdmciPjwvc3ZnPg==\" style=\"--smush-placeholder-width: 1800px; --smush-placeholder-aspect-ratio: 1800\/1350;\" \/><\/a><\/figure>\n\n\n\n<figure class=\"wp-block-image size-large\"><a href=\"https:\/\/crveni-kriz-delnice.hr\/wp-content\/uploads\/2023\/07\/Ravna-Gora.jpg\" data-rel=\"lightbox-image-4\" data-rl_title=\"\" data-rl_caption=\"\" title=\"\"><img decoding=\"async\" width=\"1600\" height=\"1200\" data-id=\"956\" data-src=\"https:\/\/crveni-kriz-delnice.hr\/wp-content\/uploads\/2023\/07\/Ravna-Gora.jpg\" alt=\"\" class=\"wp-image-956 lazyload\" src=\"data:image\/svg+xml;base64,PHN2ZyB3aWR0aD0iMSIgaGVpZ2h0PSIxIiB4bWxucz0iaHR0cDovL3d3dy53My5vcmcvMjAwMC9zdmciPjwvc3ZnPg==\" style=\"--smush-placeholder-width: 1600px; --smush-placeholder-aspect-ratio: 1600\/1200;\" \/><\/a><\/figure>\n\n\n\n<figure class=\"wp-block-image size-large\"><a href=\"https:\/\/crveni-kriz-delnice.hr\/wp-content\/uploads\/2023\/07\/Skrad.jpg\" data-rel=\"lightbox-image-5\" data-rl_title=\"\" data-rl_caption=\"\" title=\"\"><img decoding=\"async\" width=\"1200\" height=\"1600\" data-id=\"954\" data-src=\"https:\/\/crveni-kriz-delnice.hr\/wp-content\/uploads\/2023\/07\/Skrad.jpg\" alt=\"\" class=\"wp-image-954 lazyload\" src=\"data:image\/svg+xml;base64,PHN2ZyB3aWR0aD0iMSIgaGVpZ2h0PSIxIiB4bWxucz0iaHR0cDovL3d3dy53My5vcmcvMjAwMC9zdmciPjwvc3ZnPg==\" style=\"--smush-placeholder-width: 1200px; --smush-placeholder-aspect-ratio: 1200\/1600;\" \/><\/a><\/figure>\n<\/figure>\n","protected":false},"excerpt":{"rendered":"<p>Gradsko dru\u0161tvo Crvenog kri\u017ea Delnice provodi brojne programe za djecu i mlade. U suradnji s Hrvatskim Crvenim kri\u017eem provodimo program \u201eSigurnosti na vodi\u201c Slu\u017ebe spa\u0161avanja \u017eivota na vodi i ekolo\u0161ka za\u0161tita priobalja. Ove \u0161kolske godine, 2022.\/2023. provodili smo programe: Tro\u0161kovi dosada\u0161nje provedbe navedenih programa iznose 2.500,00 eura, \u010dime se financirao tro\u0161ak najma bazena, tro\u0161ak prijevoza [&hellip;]<\/p>\n","protected":false},"author":1,"featured_media":952,"comment_status":"closed","ping_status":"open","sticky":false,"template":"","format":"standard","meta":{"_et_pb_use_builder":"off","_et_pb_old_content":"","_et_gb_content_width":"","footnotes":""},"categories":[4],"tags":[],"class_list":["post-951","post","type-post","status-publish","format-standard","has-post-thumbnail","hentry","category-vijesti"],"_links":{"self":[{"href":"https:\/\/crveni-kriz-delnice.hr\/index.php\/wp-json\/wp\/v2\/posts\/951","targetHints":{"allow":["GET"]}}],"collection":[{"href":"https:\/\/crveni-kriz-delnice.hr\/index.php\/wp-json\/wp\/v2\/posts"}],"about":[{"href":"https:\/\/crveni-kriz-delnice.hr\/index.php\/wp-json\/wp\/v2\/types\/post"}],"author":[{"embeddable":true,"href":"https:\/\/crveni-kriz-delnice.hr\/index.php\/wp-json\/wp\/v2\/users\/1"}],"replies":[{"embeddable":true,"href":"https:\/\/crveni-kriz-delnice.hr\/index.php\/wp-json\/wp\/v2\/comments?post=951"}],"version-history":[{"count":1,"href":"https:\/\/crveni-kriz-delnice.hr\/index.php\/wp-json\/wp\/v2\/posts\/951\/revisions"}],"predecessor-version":[{"id":958,"href":"https:\/\/crveni-kriz-delnice.hr\/index.php\/wp-json\/wp\/v2\/posts\/951\/revisions\/958"}],"wp:featuredmedia":[{"embeddable":true,"href":"https:\/\/crveni-kriz-delnice.hr\/index.php\/wp-json\/wp\/v2\/media\/952"}],"wp:attachment":[{"href":"https:\/\/crveni-kriz-delnice.hr\/index.php\/wp-json\/wp\/v2\/media?parent=951"}],"wp:term":[{"taxonomy":"category","embeddable":true,"href":"https:\/\/crveni-kriz-delnice.hr\/index.php\/wp-json\/wp\/v2\/categories?post=951"},{"taxonomy":"post_tag","embeddable":true,"href":"https:\/\/crveni-kriz-delnice.hr\/index.php\/wp-json\/wp\/v2\/tags?post=951"}],"curies":[{"name":"wp","href":"https:\/\/api.w.org\/{rel}","templated":true}]}}