{"id":932,"date":"2023-06-14T06:57:00","date_gmt":"2023-06-14T06:57:00","guid":{"rendered":"https:\/\/crveni-kriz-delnice.hr\/?p=932"},"modified":"2023-06-15T07:01:17","modified_gmt":"2023-06-15T07:01:17","slug":"svjetski-dan-darivatelja-krvi","status":"publish","type":"post","link":"https:\/\/crveni-kriz-delnice.hr\/index.php\/svjetski-dan-darivatelja-krvi\/","title":{"rendered":"Svjetski dan darivatelja krvi"},"content":{"rendered":"\n<p>Danas je Svjetski dan darivatelja krvi. Hvala svim darivateljima na jedinom lijeku koji se ne mo\u017ee proizvesti, a koji spa\u0161ava \u017eivote.<\/p>\n\n\n\n<p>Na ovaj dan tradicionalno je odr\u017ean prijem kod Gradona\u010delnice Grada Delnica koja je primila &nbsp;darivatelje iz Srednje \u0161kole Delnice koji su prvi puta u ovoj godini darivali krv.<\/p>\n\n\n\n<p>Dragi darivatelji, \u010destitamo Vam va\u0161 dan i vidimo se u kolovozu!<\/p>\n\n\n\n<figure class=\"wp-block-gallery has-nested-images columns-default is-cropped wp-block-gallery-1 is-layout-flex wp-block-gallery-is-layout-flex\">\n<figure class=\"wp-block-image size-large\"><img decoding=\"async\" width=\"1600\" height=\"1200\" data-id=\"933\" data-src=\"https:\/\/crveni-kriz-delnice.hr\/wp-content\/uploads\/2023\/06\/20230614_123256_w.jpg\" alt=\"\" class=\"wp-image-933 lazyload\" src=\"data:image\/svg+xml;base64,PHN2ZyB3aWR0aD0iMSIgaGVpZ2h0PSIxIiB4bWxucz0iaHR0cDovL3d3dy53My5vcmcvMjAwMC9zdmciPjwvc3ZnPg==\" style=\"--smush-placeholder-width: 1600px; --smush-placeholder-aspect-ratio: 1600\/1200;\" \/><\/figure>\n\n\n\n<figure class=\"wp-block-image size-large\"><img decoding=\"async\" width=\"1600\" height=\"1200\" data-id=\"934\" data-src=\"https:\/\/crveni-kriz-delnice.hr\/wp-content\/uploads\/2023\/06\/IMG-801917a80202ebc75ca535b9944491fe-V.jpg\" alt=\"\" class=\"wp-image-934 lazyload\" src=\"data:image\/svg+xml;base64,PHN2ZyB3aWR0aD0iMSIgaGVpZ2h0PSIxIiB4bWxucz0iaHR0cDovL3d3dy53My5vcmcvMjAwMC9zdmciPjwvc3ZnPg==\" style=\"--smush-placeholder-width: 1600px; --smush-placeholder-aspect-ratio: 1600\/1200;\" \/><\/figure>\n<\/figure>\n","protected":false},"excerpt":{"rendered":"<p>Danas je Svjetski dan darivatelja krvi. Hvala svim darivateljima na jedinom lijeku koji se ne mo\u017ee proizvesti, a koji spa\u0161ava \u017eivote. Na ovaj dan tradicionalno je odr\u017ean prijem kod Gradona\u010delnice Grada Delnica koja je primila &nbsp;darivatelje iz Srednje \u0161kole Delnice koji su prvi puta u ovoj godini darivali krv. Dragi darivatelji, \u010destitamo Vam va\u0161 dan [&hellip;]<\/p>\n","protected":false},"author":1,"featured_media":934,"comment_status":"closed","ping_status":"open","sticky":false,"template":"","format":"standard","meta":{"_et_pb_use_builder":"off","_et_pb_old_content":"","_et_gb_content_width":"","footnotes":""},"categories":[4],"tags":[],"class_list":["post-932","post","type-post","status-publish","format-standard","has-post-thumbnail","hentry","category-vijesti"],"_links":{"self":[{"href":"https:\/\/crveni-kriz-delnice.hr\/index.php\/wp-json\/wp\/v2\/posts\/932","targetHints":{"allow":["GET"]}}],"collection":[{"href":"https:\/\/crveni-kriz-delnice.hr\/index.php\/wp-json\/wp\/v2\/posts"}],"about":[{"href":"https:\/\/crveni-kriz-delnice.hr\/index.php\/wp-json\/wp\/v2\/types\/post"}],"author":[{"embeddable":true,"href":"https:\/\/crveni-kriz-delnice.hr\/index.php\/wp-json\/wp\/v2\/users\/1"}],"replies":[{"embeddable":true,"href":"https:\/\/crveni-kriz-delnice.hr\/index.php\/wp-json\/wp\/v2\/comments?post=932"}],"version-history":[{"count":1,"href":"https:\/\/crveni-kriz-delnice.hr\/index.php\/wp-json\/wp\/v2\/posts\/932\/revisions"}],"predecessor-version":[{"id":935,"href":"https:\/\/crveni-kriz-delnice.hr\/index.php\/wp-json\/wp\/v2\/posts\/932\/revisions\/935"}],"wp:featuredmedia":[{"embeddable":true,"href":"https:\/\/crveni-kriz-delnice.hr\/index.php\/wp-json\/wp\/v2\/media\/934"}],"wp:attachment":[{"href":"https:\/\/crveni-kriz-delnice.hr\/index.php\/wp-json\/wp\/v2\/media?parent=932"}],"wp:term":[{"taxonomy":"category","embeddable":true,"href":"https:\/\/crveni-kriz-delnice.hr\/index.php\/wp-json\/wp\/v2\/categories?post=932"},{"taxonomy":"post_tag","embeddable":true,"href":"https:\/\/crveni-kriz-delnice.hr\/index.php\/wp-json\/wp\/v2\/tags?post=932"}],"curies":[{"name":"wp","href":"https:\/\/api.w.org\/{rel}","templated":true}]}}