{"id":928,"date":"2023-05-22T10:01:24","date_gmt":"2023-05-22T10:01:24","guid":{"rendered":"https:\/\/crveni-kriz-delnice.hr\/?p=928"},"modified":"2023-05-22T10:01:40","modified_gmt":"2023-05-22T10:01:40","slug":"akcija-dobrovoljnog-darivanja-krvi-u-ravnoj-gori-i-brod-moravicama-2","status":"publish","type":"post","link":"https:\/\/crveni-kriz-delnice.hr\/index.php\/akcija-dobrovoljnog-darivanja-krvi-u-ravnoj-gori-i-brod-moravicama-2\/","title":{"rendered":"Akcija dobrovoljnog darivanja krvi u Ravnoj Gori i Brod Moravicama"},"content":{"rendered":"\n<p>Uspje\u0161no zavr\u0161ila akcija dobrovoljnog darivanja krvi odr\u017eana u Ravnoj Gori i Brod Moravicama.<\/p>\n\n\n\n<p>U Ravnoj Gori se odazvalo 30 osoba, dalo krv 24.<\/p>\n\n\n\n<p>U Brod Moravicama pristupilo je 14 osoba, njih 13 je dalo krv.<\/p>\n\n\n\n<p>U sklopu akcije darivanja krvi u Ravnoj Gori, obilje\u017eili smo i Hrvatski dan \u0161e\u0107erne bolesti. Udruga dijabeti\u010dara Ravna Gora proveli su akciju mjerenja vrijednosti \u0161e\u0107era i krvnog tlaka gra\u0111anima.<\/p>\n\n\n\n<p>Tradicionalno, akcija je provedena u suradnji sa Stru\u010dnim timom Klini\u010dkog zavoda za transfuzijsku medicinu KBC Rijeka uz pomo\u0107 na\u0161ih volontera Ivanke Svetli\u010di\u0107 i Karlice Kruli\u0107 u Ravnoj Gori, Tajane Jauk Mance i Antonia Crnkovi\u0107a u Brod Moravicama.<\/p>\n\n\n\n<p>Zahvaljujemo se svakom darivatelju, Va\u0161 trud i zalaganje je neizmjerno.<\/p>\n\n\n\n<p>Zahvaljujemo se na podr\u0161ci Domu zdravlja dr. Josip Kajfe\u0161 i Osnovnoj \u0161koli Brod Moravice, te medijima, bez koji na\u0161e akcije ne bi bile tako uspje\u0161ne.<\/p>\n\n\n\n<figure class=\"wp-block-image size-full\"><img decoding=\"async\" width=\"849\" height=\"1200\" data-src=\"https:\/\/crveni-kriz-delnice.hr\/wp-content\/uploads\/2023\/05\/akcija-DDK_svibanj_2023_RG_BM_.jpg\" alt=\"\" class=\"wp-image-929 lazyload\" src=\"data:image\/svg+xml;base64,PHN2ZyB3aWR0aD0iMSIgaGVpZ2h0PSIxIiB4bWxucz0iaHR0cDovL3d3dy53My5vcmcvMjAwMC9zdmciPjwvc3ZnPg==\" style=\"--smush-placeholder-width: 849px; --smush-placeholder-aspect-ratio: 849\/1200;\" \/><\/figure>\n","protected":false},"excerpt":{"rendered":"<p>Uspje\u0161no zavr\u0161ila akcija dobrovoljnog darivanja krvi odr\u017eana u Ravnoj Gori i Brod Moravicama. U Ravnoj Gori se odazvalo 30 osoba, dalo krv 24. U Brod Moravicama pristupilo je 14 osoba, njih 13 je dalo krv. U sklopu akcije darivanja krvi u Ravnoj Gori, obilje\u017eili smo i Hrvatski dan \u0161e\u0107erne bolesti. Udruga dijabeti\u010dara Ravna Gora proveli [&hellip;]<\/p>\n","protected":false},"author":1,"featured_media":418,"comment_status":"closed","ping_status":"open","sticky":false,"template":"","format":"standard","meta":{"_et_pb_use_builder":"off","_et_pb_old_content":"","_et_gb_content_width":"","footnotes":""},"categories":[4],"tags":[],"class_list":["post-928","post","type-post","status-publish","format-standard","has-post-thumbnail","hentry","category-vijesti"],"_links":{"self":[{"href":"https:\/\/crveni-kriz-delnice.hr\/index.php\/wp-json\/wp\/v2\/posts\/928","targetHints":{"allow":["GET"]}}],"collection":[{"href":"https:\/\/crveni-kriz-delnice.hr\/index.php\/wp-json\/wp\/v2\/posts"}],"about":[{"href":"https:\/\/crveni-kriz-delnice.hr\/index.php\/wp-json\/wp\/v2\/types\/post"}],"author":[{"embeddable":true,"href":"https:\/\/crveni-kriz-delnice.hr\/index.php\/wp-json\/wp\/v2\/users\/1"}],"replies":[{"embeddable":true,"href":"https:\/\/crveni-kriz-delnice.hr\/index.php\/wp-json\/wp\/v2\/comments?post=928"}],"version-history":[{"count":1,"href":"https:\/\/crveni-kriz-delnice.hr\/index.php\/wp-json\/wp\/v2\/posts\/928\/revisions"}],"predecessor-version":[{"id":930,"href":"https:\/\/crveni-kriz-delnice.hr\/index.php\/wp-json\/wp\/v2\/posts\/928\/revisions\/930"}],"wp:featuredmedia":[{"embeddable":true,"href":"https:\/\/crveni-kriz-delnice.hr\/index.php\/wp-json\/wp\/v2\/media\/418"}],"wp:attachment":[{"href":"https:\/\/crveni-kriz-delnice.hr\/index.php\/wp-json\/wp\/v2\/media?parent=928"}],"wp:term":[{"taxonomy":"category","embeddable":true,"href":"https:\/\/crveni-kriz-delnice.hr\/index.php\/wp-json\/wp\/v2\/categories?post=928"},{"taxonomy":"post_tag","embeddable":true,"href":"https:\/\/crveni-kriz-delnice.hr\/index.php\/wp-json\/wp\/v2\/tags?post=928"}],"curies":[{"name":"wp","href":"https:\/\/api.w.org\/{rel}","templated":true}]}}