{"id":878,"date":"2023-05-10T08:29:39","date_gmt":"2023-05-10T08:29:39","guid":{"rendered":"https:\/\/crveni-kriz-delnice.hr\/?p=878"},"modified":"2023-05-10T08:29:40","modified_gmt":"2023-05-10T08:29:40","slug":"tjedan-crvenog-kriza-tradicionalno-obiljezavamo-prvenstvom-osnovnih-skola-u-plivanju","status":"publish","type":"post","link":"https:\/\/crveni-kriz-delnice.hr\/index.php\/tjedan-crvenog-kriza-tradicionalno-obiljezavamo-prvenstvom-osnovnih-skola-u-plivanju\/","title":{"rendered":"Tjedan Crvenog kri\u017ea tradicionalno obilje\u017eavamo Prvenstvom osnovnih \u0161kola u plivanju"},"content":{"rendered":"\n<p>Tjedan Crvenog kri\u017ea tradicionalno obilje\u017eavamo Prvenstvom osnovnih \u0161kola u plivanju. Ove godine odr\u017eava se po 16. put. Sudionici natjecanja dobili su majice I najuspje\u0161niji pliva\u010di medalje. Najecanje se odr\u017eavalo pod pokroviteljstvom Hrvatskog Crvenog kri\u017ea Slu\u017ebe spa\u0161avanja \u017eivota na vodi.<\/p>\n\n\n\n<p>Sudjelovalo 74 u\u010denika i u\u010denica iz 7 Osnovnih \u0161kola iz Gorskog kotara i to:<\/p>\n\n\n\n<ol class=\"wp-block-list\">\n<li>O\u0160 Frana Krste Frankopana \u2013 Brod na Kupi<\/li>\n\n\n\n<li>O\u0160 Ivana Gorana Kova\u010di\u0107a \u2013 Delnice<\/li>\n\n\n\n<li>O\u0160 Rudolfa Strohala \u2013 Lokve<\/li>\n\n\n\n<li>O\u0160 Ivanke Trohar &#8211; Fu\u017eine<\/li>\n\n\n\n<li>O\u0160 Dr. Branimira Markovi\u0107a \u2013 Ravna Gora<\/li>\n\n\n\n<li>O\u0160 Petar Zrinski \u2013 \u010cabar<\/li>\n\n\n\n<li>O\u0160 Mrkopalj &#8211; Mrkopalj<\/li>\n<\/ol>\n\n\n\n<p>Organizatori natjecanja bili su O\u0160 Frana Krste Frankopana, Brod na Kupi i \u0160kolsko sportsko dru\u0161tvo &#8221;KUPA&#8221; te Gradsko dru\u0161tvo Crvenog kri\u017ea Delnice.<\/p>\n\n\n\n<figure class=\"wp-block-gallery has-nested-images columns-default is-cropped wp-block-gallery-1 is-layout-flex wp-block-gallery-is-layout-flex\">\n<figure class=\"wp-block-image size-large\"><img decoding=\"async\" width=\"1080\" height=\"608\" data-id=\"880\" data-src=\"https:\/\/crveni-kriz-delnice.hr\/wp-content\/uploads\/2023\/05\/20230509_095848.jpg\" alt=\"\" class=\"wp-image-880 lazyload\" src=\"data:image\/svg+xml;base64,PHN2ZyB3aWR0aD0iMSIgaGVpZ2h0PSIxIiB4bWxucz0iaHR0cDovL3d3dy53My5vcmcvMjAwMC9zdmciPjwvc3ZnPg==\" style=\"--smush-placeholder-width: 1080px; --smush-placeholder-aspect-ratio: 1080\/608;\" \/><\/figure>\n\n\n\n<figure class=\"wp-block-image size-large\"><img decoding=\"async\" width=\"1080\" height=\"608\" data-id=\"879\" data-src=\"https:\/\/crveni-kriz-delnice.hr\/wp-content\/uploads\/2023\/05\/20230509_105033.jpg\" alt=\"\" class=\"wp-image-879 lazyload\" src=\"data:image\/svg+xml;base64,PHN2ZyB3aWR0aD0iMSIgaGVpZ2h0PSIxIiB4bWxucz0iaHR0cDovL3d3dy53My5vcmcvMjAwMC9zdmciPjwvc3ZnPg==\" style=\"--smush-placeholder-width: 1080px; --smush-placeholder-aspect-ratio: 1080\/608;\" \/><\/figure>\n\n\n\n<figure class=\"wp-block-image size-large\"><img decoding=\"async\" width=\"1080\" height=\"810\" data-id=\"881\" data-src=\"https:\/\/crveni-kriz-delnice.hr\/wp-content\/uploads\/2023\/05\/IMG-8550b37f193ff13a196e985dfd5c5901-V.jpg\" alt=\"\" class=\"wp-image-881 lazyload\" src=\"data:image\/svg+xml;base64,PHN2ZyB3aWR0aD0iMSIgaGVpZ2h0PSIxIiB4bWxucz0iaHR0cDovL3d3dy53My5vcmcvMjAwMC9zdmciPjwvc3ZnPg==\" style=\"--smush-placeholder-width: 1080px; --smush-placeholder-aspect-ratio: 1080\/810;\" \/><\/figure>\n<\/figure>\n","protected":false},"excerpt":{"rendered":"<p>Tjedan Crvenog kri\u017ea tradicionalno obilje\u017eavamo Prvenstvom osnovnih \u0161kola u plivanju. Ove godine odr\u017eava se po 16. put. Sudionici natjecanja dobili su majice I najuspje\u0161niji pliva\u010di medalje. Najecanje se odr\u017eavalo pod pokroviteljstvom Hrvatskog Crvenog kri\u017ea Slu\u017ebe spa\u0161avanja \u017eivota na vodi. Sudjelovalo 74 u\u010denika i u\u010denica iz 7 Osnovnih \u0161kola iz Gorskog kotara i to: Organizatori natjecanja [&hellip;]<\/p>\n","protected":false},"author":1,"featured_media":881,"comment_status":"closed","ping_status":"open","sticky":false,"template":"","format":"standard","meta":{"_et_pb_use_builder":"off","_et_pb_old_content":"","_et_gb_content_width":"","footnotes":""},"categories":[4],"tags":[],"class_list":["post-878","post","type-post","status-publish","format-standard","has-post-thumbnail","hentry","category-vijesti"],"_links":{"self":[{"href":"https:\/\/crveni-kriz-delnice.hr\/index.php\/wp-json\/wp\/v2\/posts\/878","targetHints":{"allow":["GET"]}}],"collection":[{"href":"https:\/\/crveni-kriz-delnice.hr\/index.php\/wp-json\/wp\/v2\/posts"}],"about":[{"href":"https:\/\/crveni-kriz-delnice.hr\/index.php\/wp-json\/wp\/v2\/types\/post"}],"author":[{"embeddable":true,"href":"https:\/\/crveni-kriz-delnice.hr\/index.php\/wp-json\/wp\/v2\/users\/1"}],"replies":[{"embeddable":true,"href":"https:\/\/crveni-kriz-delnice.hr\/index.php\/wp-json\/wp\/v2\/comments?post=878"}],"version-history":[{"count":1,"href":"https:\/\/crveni-kriz-delnice.hr\/index.php\/wp-json\/wp\/v2\/posts\/878\/revisions"}],"predecessor-version":[{"id":882,"href":"https:\/\/crveni-kriz-delnice.hr\/index.php\/wp-json\/wp\/v2\/posts\/878\/revisions\/882"}],"wp:featuredmedia":[{"embeddable":true,"href":"https:\/\/crveni-kriz-delnice.hr\/index.php\/wp-json\/wp\/v2\/media\/881"}],"wp:attachment":[{"href":"https:\/\/crveni-kriz-delnice.hr\/index.php\/wp-json\/wp\/v2\/media?parent=878"}],"wp:term":[{"taxonomy":"category","embeddable":true,"href":"https:\/\/crveni-kriz-delnice.hr\/index.php\/wp-json\/wp\/v2\/categories?post=878"},{"taxonomy":"post_tag","embeddable":true,"href":"https:\/\/crveni-kriz-delnice.hr\/index.php\/wp-json\/wp\/v2\/tags?post=878"}],"curies":[{"name":"wp","href":"https:\/\/api.w.org\/{rel}","templated":true}]}}