{"id":795,"date":"2023-02-22T08:40:30","date_gmt":"2023-02-22T08:40:30","guid":{"rendered":"https:\/\/crveni-kriz-delnice.hr\/?p=795"},"modified":"2023-02-28T12:29:56","modified_gmt":"2023-02-28T12:29:56","slug":"dan-ruzicastih-majica","status":"publish","type":"post","link":"https:\/\/crveni-kriz-delnice.hr\/index.php\/dan-ruzicastih-majica\/","title":{"rendered":"Dan ru\u017ei\u010dastih majica"},"content":{"rendered":"\n<p>Posljednje srijede u velja\u010di obilje\u017eavamo Dan ru\u017ei\u010dastih majica kojim se na simboli\u010dan na\u010din \u017eeli skrenuti pozornost na problem sve u\u010destalijega vr\u0161nja\u010dkog nasilja. Hrvatski sabor je 2017. godine proglasio taj dan Nacionalnim danom borbe protiv vr\u0161nja\u010dkog nasilja. I ove godine smo pozvali odgojno \u2013 obrazovne ustanove Gorskoga kotara na suradnju.<\/p>\n\n\n\n<p>Zahvaljujemo se na podr\u0161ci \u0161kolama iz Delnica, Lokava i Broda na Kupi te njihovim djelatnicima.<\/p>\n\n\n\n<hr class=\"wp-block-separator has-alpha-channel-opacity\"\/>\n\n\n\n<p>U\u010denici Srednje \u0161kole Delnice uz podr\u0161ku prof. Mirne Bogi\u0107<\/p>\n\n\n\n<blockquote class=\"wp-block-quote is-layout-flow wp-block-quote-is-layout-flow\">\n<p>Ja mislim da najbolje rje\u0161enje mo\u017ee biti to da se sami i jedni druge nau\u010dimo da ne treba osu\u0111ivati ljude na temelju ni\u010dega jer svatko vodi neku svoju bitku u sebi koju mi mo\u017eda ne vidimo i ako nismo potpora jedni drugima onda je samo jo\u0161 gore. Tako\u0111er mislim da ljudi op\u0107enito nebi trebali tra\u017eiti razloge da govore ne\u0161to lo\u0161e jedni o drugima i &#8220;zlostavljaju&#8221; se na bilo koji na\u010din jer nitko to ne zaslu\u017euje.<\/p>\n\n\n\n<p>LP<\/p>\n<\/blockquote>\n\n\n\n<blockquote class=\"wp-block-quote is-layout-flow wp-block-quote-is-layout-flow\">\n<p>Dobar dan!<\/p>\n\n\n\n<p>Obilje\u017eio bi dan tako \u0161to bi zagrlio meni bli\u017eu osobu (npr. prijatelja) za koju vidim da joj je potrebna podr\u0161ka u trenucima nesigurnosti.<\/p>\n\n\n\n<p>M\u0160<\/p>\n<\/blockquote>\n\n\n\n<blockquote class=\"wp-block-quote is-layout-flow wp-block-quote-is-layout-flow\">\n<p>Smatram da bi bilo ucinkovito kada bi se u svakoj srednjoj te osnovnoj skoli na danasnji dan ucenicima pustao edukativni film o danu ruzicastih majca kako bi sto vise mladih bilo upuceno u to o cemu se zapravo govori. Takoder, ako je skola u mogucnosti skupljati donacije za oboljele koji si nisu u mogucnosti platiti terapiju u smislu da djeci ,,prodaje\u201d ruzicaste majce smatram kako bi to bila jako lijepa gesta ili nesto u smislu da se kupe obi\u0107ne bijele majce i onda ih ucenici uz pomoz profesora na nekoj radionici obojaju u rozo pa ih potom prodaju, a sve prikupljene novce doniraju.<\/p>\n\n\n\n<p>Mislim da je takva radionica nesto sto ispunjava srca i uci nas raditi dobra djela.<\/p>\n\n\n\n<p>MI<\/p>\n<\/blockquote>\n\n\n\n<blockquote class=\"wp-block-quote is-layout-flow wp-block-quote-is-layout-flow\">\n<p>Dobar dan<\/p>\n\n\n\n<p>Ja mislim da bi se vr\u0161nja\u010dko nasilje moglo smanjiti tako da se u \u0161kolama vi\u0161e pri\u010da sa u\u010denicima, na na\u010din da se barem jednom tjedno sjedne sa njima i pri\u010da o njihovim problemima, ukoliko bi oni uop\u0107e htjeli sudjelovati u tome. Tako\u0111er mislim da je va\u017eno re\u0107i da djeca u osnovnoj i srednjoj \u0161koli jo\u0161 nemaju potpun svoj stav te mislim da je vrlo va\u017eno da ih se u \u0161kolama na to poti\u010de. Mislim da bi im to moglo pomo\u0107i na na\u010din da ne rade sve kao \u0161to rade i ostala djeca jer je to \u201cfora\u201d ,nego da mogu izraziti svoj stav i mi\u0161ljenje, tada bi se smanjilo to nasilje i maltretiranje.<\/p>\n\n\n\n<p>Obu\u0107i se u rozo, organizirati nekakvu radionicu sa pisanjem poruka podr\u0161ke\u2026<\/p>\n\n\n\n<p>DT<\/p>\n<\/blockquote>\n\n\n\n<figure class=\"wp-block-gallery has-nested-images columns-6 is-cropped wp-block-gallery-1 is-layout-flex wp-block-gallery-is-layout-flex\">\n<figure class=\"wp-block-image size-large\"><a href=\"https:\/\/crveni-kriz-delnice.hr\/wp-content\/uploads\/2023\/02\/IMG-0768280d6a9c7afaedb1e0cc956c37bb-V.jpg\" data-rel=\"lightbox-image-0\" data-rl_title=\"\" data-rl_caption=\"\" title=\"\"><img decoding=\"async\" width=\"900\" height=\"1600\" data-id=\"797\" data-src=\"https:\/\/crveni-kriz-delnice.hr\/wp-content\/uploads\/2023\/02\/IMG-0768280d6a9c7afaedb1e0cc956c37bb-V.jpg\" alt=\"\" class=\"wp-image-797 lazyload\" src=\"data:image\/svg+xml;base64,PHN2ZyB3aWR0aD0iMSIgaGVpZ2h0PSIxIiB4bWxucz0iaHR0cDovL3d3dy53My5vcmcvMjAwMC9zdmciPjwvc3ZnPg==\" style=\"--smush-placeholder-width: 900px; --smush-placeholder-aspect-ratio: 900\/1600;\" \/><\/a><\/figure>\n\n\n\n<figure class=\"wp-block-image size-large\"><a href=\"https:\/\/crveni-kriz-delnice.hr\/wp-content\/uploads\/2023\/02\/IMG-4336005a6ee0c5979f5109ac747db363-V.jpg\" data-rel=\"lightbox-image-1\" data-rl_title=\"\" data-rl_caption=\"\" title=\"\"><img decoding=\"async\" width=\"1600\" height=\"1385\" data-id=\"796\" data-src=\"https:\/\/crveni-kriz-delnice.hr\/wp-content\/uploads\/2023\/02\/IMG-4336005a6ee0c5979f5109ac747db363-V.jpg\" alt=\"\" class=\"wp-image-796 lazyload\" src=\"data:image\/svg+xml;base64,PHN2ZyB3aWR0aD0iMSIgaGVpZ2h0PSIxIiB4bWxucz0iaHR0cDovL3d3dy53My5vcmcvMjAwMC9zdmciPjwvc3ZnPg==\" style=\"--smush-placeholder-width: 1600px; --smush-placeholder-aspect-ratio: 1600\/1385;\" \/><\/a><\/figure>\n\n\n\n<figure class=\"wp-block-image size-large\"><a href=\"https:\/\/crveni-kriz-delnice.hr\/wp-content\/uploads\/2023\/02\/IMG-c0ae82e01eefb5d271b22704135862f9-V.jpg\" data-rel=\"lightbox-image-2\" data-rl_title=\"\" data-rl_caption=\"\" title=\"\"><img decoding=\"async\" width=\"1200\" height=\"1600\" data-id=\"798\" data-src=\"https:\/\/crveni-kriz-delnice.hr\/wp-content\/uploads\/2023\/02\/IMG-c0ae82e01eefb5d271b22704135862f9-V.jpg\" alt=\"\" class=\"wp-image-798 lazyload\" src=\"data:image\/svg+xml;base64,PHN2ZyB3aWR0aD0iMSIgaGVpZ2h0PSIxIiB4bWxucz0iaHR0cDovL3d3dy53My5vcmcvMjAwMC9zdmciPjwvc3ZnPg==\" style=\"--smush-placeholder-width: 1200px; --smush-placeholder-aspect-ratio: 1200\/1600;\" \/><\/a><\/figure>\n\n\n\n<figure class=\"wp-block-image size-large\"><a href=\"https:\/\/crveni-kriz-delnice.hr\/wp-content\/uploads\/2023\/02\/IMG-7877a4c759bff1b03b39018cd413711a-V.jpg\" data-rel=\"lightbox-image-3\" data-rl_title=\"\" data-rl_caption=\"\" title=\"\"><img decoding=\"async\" width=\"1600\" height=\"1200\" data-id=\"800\" data-src=\"https:\/\/crveni-kriz-delnice.hr\/wp-content\/uploads\/2023\/02\/IMG-7877a4c759bff1b03b39018cd413711a-V.jpg\" alt=\"\" class=\"wp-image-800 lazyload\" src=\"data:image\/svg+xml;base64,PHN2ZyB3aWR0aD0iMSIgaGVpZ2h0PSIxIiB4bWxucz0iaHR0cDovL3d3dy53My5vcmcvMjAwMC9zdmciPjwvc3ZnPg==\" style=\"--smush-placeholder-width: 1600px; --smush-placeholder-aspect-ratio: 1600\/1200;\" \/><\/a><\/figure>\n\n\n\n<figure class=\"wp-block-image size-large\"><a href=\"https:\/\/crveni-kriz-delnice.hr\/wp-content\/uploads\/2023\/02\/IMG-031ec7e8c3943a7ac16d965841d941c8-V1.jpg\" data-rel=\"lightbox-image-4\" data-rl_title=\"\" data-rl_caption=\"\" title=\"\"><img decoding=\"async\" width=\"1600\" height=\"1200\" data-id=\"801\" data-src=\"https:\/\/crveni-kriz-delnice.hr\/wp-content\/uploads\/2023\/02\/IMG-031ec7e8c3943a7ac16d965841d941c8-V1.jpg\" alt=\"\" class=\"wp-image-801 lazyload\" src=\"data:image\/svg+xml;base64,PHN2ZyB3aWR0aD0iMSIgaGVpZ2h0PSIxIiB4bWxucz0iaHR0cDovL3d3dy53My5vcmcvMjAwMC9zdmciPjwvc3ZnPg==\" style=\"--smush-placeholder-width: 1600px; --smush-placeholder-aspect-ratio: 1600\/1200;\" \/><\/a><\/figure>\n\n\n\n<figure class=\"wp-block-image size-large\"><a href=\"https:\/\/crveni-kriz-delnice.hr\/wp-content\/uploads\/2023\/02\/IMG-57774b87638e499d985eb133013ac6db-V.jpg\" data-rel=\"lightbox-image-5\" data-rl_title=\"\" data-rl_caption=\"\" title=\"\"><img decoding=\"async\" width=\"1600\" height=\"900\" data-id=\"799\" data-src=\"https:\/\/crveni-kriz-delnice.hr\/wp-content\/uploads\/2023\/02\/IMG-57774b87638e499d985eb133013ac6db-V.jpg\" alt=\"\" class=\"wp-image-799 lazyload\" src=\"data:image\/svg+xml;base64,PHN2ZyB3aWR0aD0iMSIgaGVpZ2h0PSIxIiB4bWxucz0iaHR0cDovL3d3dy53My5vcmcvMjAwMC9zdmciPjwvc3ZnPg==\" style=\"--smush-placeholder-width: 1600px; --smush-placeholder-aspect-ratio: 1600\/900;\" \/><\/a><\/figure>\n\n\n\n<figure class=\"wp-block-image size-large\"><a href=\"https:\/\/crveni-kriz-delnice.hr\/wp-content\/uploads\/2023\/02\/IMG-6e79d30655280b3825599780c795598a-V.jpg\" data-rel=\"lightbox-image-6\" data-rl_title=\"\" data-rl_caption=\"\" title=\"\"><img decoding=\"async\" width=\"1600\" height=\"1200\" data-id=\"809\" data-src=\"https:\/\/crveni-kriz-delnice.hr\/wp-content\/uploads\/2023\/02\/IMG-6e79d30655280b3825599780c795598a-V.jpg\" alt=\"\" class=\"wp-image-809 lazyload\" src=\"data:image\/svg+xml;base64,PHN2ZyB3aWR0aD0iMSIgaGVpZ2h0PSIxIiB4bWxucz0iaHR0cDovL3d3dy53My5vcmcvMjAwMC9zdmciPjwvc3ZnPg==\" style=\"--smush-placeholder-width: 1600px; --smush-placeholder-aspect-ratio: 1600\/1200;\" \/><\/a><\/figure>\n\n\n\n<figure class=\"wp-block-image size-large\"><a href=\"https:\/\/crveni-kriz-delnice.hr\/wp-content\/uploads\/2023\/02\/IMG-6b39402537a3a00adb4fdaeecfeebe44-V.jpg\" data-rel=\"lightbox-image-7\" data-rl_title=\"\" data-rl_caption=\"\" title=\"\"><img decoding=\"async\" width=\"1600\" height=\"913\" data-id=\"804\" data-src=\"https:\/\/crveni-kriz-delnice.hr\/wp-content\/uploads\/2023\/02\/IMG-6b39402537a3a00adb4fdaeecfeebe44-V.jpg\" alt=\"\" class=\"wp-image-804 lazyload\" src=\"data:image\/svg+xml;base64,PHN2ZyB3aWR0aD0iMSIgaGVpZ2h0PSIxIiB4bWxucz0iaHR0cDovL3d3dy53My5vcmcvMjAwMC9zdmciPjwvc3ZnPg==\" style=\"--smush-placeholder-width: 1600px; --smush-placeholder-aspect-ratio: 1600\/913;\" \/><\/a><\/figure>\n\n\n\n<figure class=\"wp-block-image size-large\"><a href=\"https:\/\/crveni-kriz-delnice.hr\/wp-content\/uploads\/2023\/02\/IMG-644a9cc60df74542e4748402dadcfad3-V.jpg\" data-rel=\"lightbox-image-8\" data-rl_title=\"\" data-rl_caption=\"\" title=\"\"><img decoding=\"async\" width=\"1200\" height=\"1600\" data-id=\"803\" data-src=\"https:\/\/crveni-kriz-delnice.hr\/wp-content\/uploads\/2023\/02\/IMG-644a9cc60df74542e4748402dadcfad3-V.jpg\" alt=\"\" class=\"wp-image-803 lazyload\" src=\"data:image\/svg+xml;base64,PHN2ZyB3aWR0aD0iMSIgaGVpZ2h0PSIxIiB4bWxucz0iaHR0cDovL3d3dy53My5vcmcvMjAwMC9zdmciPjwvc3ZnPg==\" style=\"--smush-placeholder-width: 1200px; --smush-placeholder-aspect-ratio: 1200\/1600;\" \/><\/a><\/figure>\n\n\n\n<figure class=\"wp-block-image size-large\"><a href=\"https:\/\/crveni-kriz-delnice.hr\/wp-content\/uploads\/2023\/02\/IMG-f741c6ca20c2a90e4e3373f5da251ecb-V.jpg\" data-rel=\"lightbox-image-9\" data-rl_title=\"\" data-rl_caption=\"\" title=\"\"><img decoding=\"async\" width=\"1554\" height=\"735\" data-id=\"802\" data-src=\"https:\/\/crveni-kriz-delnice.hr\/wp-content\/uploads\/2023\/02\/IMG-f741c6ca20c2a90e4e3373f5da251ecb-V.jpg\" alt=\"\" class=\"wp-image-802 lazyload\" src=\"data:image\/svg+xml;base64,PHN2ZyB3aWR0aD0iMSIgaGVpZ2h0PSIxIiB4bWxucz0iaHR0cDovL3d3dy53My5vcmcvMjAwMC9zdmciPjwvc3ZnPg==\" style=\"--smush-placeholder-width: 1554px; --smush-placeholder-aspect-ratio: 1554\/735;\" \/><\/a><\/figure>\n\n\n\n<figure class=\"wp-block-image size-large\"><a href=\"https:\/\/crveni-kriz-delnice.hr\/wp-content\/uploads\/2023\/02\/20230217_104557.jpg\" data-rel=\"lightbox-image-10\" data-rl_title=\"\" data-rl_caption=\"\" title=\"\"><img decoding=\"async\" width=\"1489\" height=\"1303\" data-id=\"810\" data-src=\"https:\/\/crveni-kriz-delnice.hr\/wp-content\/uploads\/2023\/02\/20230217_104557.jpg\" alt=\"\" class=\"wp-image-810 lazyload\" src=\"data:image\/svg+xml;base64,PHN2ZyB3aWR0aD0iMSIgaGVpZ2h0PSIxIiB4bWxucz0iaHR0cDovL3d3dy53My5vcmcvMjAwMC9zdmciPjwvc3ZnPg==\" style=\"--smush-placeholder-width: 1489px; --smush-placeholder-aspect-ratio: 1489\/1303;\" \/><\/a><\/figure>\n\n\n\n<figure class=\"wp-block-image size-large\"><a href=\"https:\/\/crveni-kriz-delnice.hr\/wp-content\/uploads\/2023\/02\/IMG-b0664b163f2f0778d4326e3bf59b144f-V.jpg\" data-rel=\"lightbox-image-11\" data-rl_title=\"\" data-rl_caption=\"\" title=\"\"><img decoding=\"async\" width=\"1200\" height=\"1600\" data-id=\"807\" data-src=\"https:\/\/crveni-kriz-delnice.hr\/wp-content\/uploads\/2023\/02\/IMG-b0664b163f2f0778d4326e3bf59b144f-V.jpg\" alt=\"\" class=\"wp-image-807 lazyload\" src=\"data:image\/svg+xml;base64,PHN2ZyB3aWR0aD0iMSIgaGVpZ2h0PSIxIiB4bWxucz0iaHR0cDovL3d3dy53My5vcmcvMjAwMC9zdmciPjwvc3ZnPg==\" style=\"--smush-placeholder-width: 1200px; --smush-placeholder-aspect-ratio: 1200\/1600;\" \/><\/a><\/figure>\n\n\n\n<figure class=\"wp-block-image size-large\"><a href=\"https:\/\/crveni-kriz-delnice.hr\/wp-content\/uploads\/2023\/02\/IMG-031ec7e8c3943a7ac16d965841d941c8-V.jpg\" data-rel=\"lightbox-image-12\" data-rl_title=\"\" data-rl_caption=\"\" title=\"\"><img decoding=\"async\" width=\"1600\" height=\"1200\" data-id=\"805\" data-src=\"https:\/\/crveni-kriz-delnice.hr\/wp-content\/uploads\/2023\/02\/IMG-031ec7e8c3943a7ac16d965841d941c8-V.jpg\" alt=\"\" class=\"wp-image-805 lazyload\" src=\"data:image\/svg+xml;base64,PHN2ZyB3aWR0aD0iMSIgaGVpZ2h0PSIxIiB4bWxucz0iaHR0cDovL3d3dy53My5vcmcvMjAwMC9zdmciPjwvc3ZnPg==\" style=\"--smush-placeholder-width: 1600px; --smush-placeholder-aspect-ratio: 1600\/1200;\" \/><\/a><\/figure>\n\n\n\n<figure class=\"wp-block-image size-large\"><a href=\"https:\/\/crveni-kriz-delnice.hr\/wp-content\/uploads\/2023\/02\/Pink-shirt-1.jpg\" data-rel=\"lightbox-image-13\" data-rl_title=\"\" data-rl_caption=\"\" title=\"\"><img decoding=\"async\" width=\"1600\" height=\"594\" data-id=\"806\" data-src=\"https:\/\/crveni-kriz-delnice.hr\/wp-content\/uploads\/2023\/02\/Pink-shirt-1.jpg\" alt=\"\" class=\"wp-image-806 lazyload\" src=\"data:image\/svg+xml;base64,PHN2ZyB3aWR0aD0iMSIgaGVpZ2h0PSIxIiB4bWxucz0iaHR0cDovL3d3dy53My5vcmcvMjAwMC9zdmciPjwvc3ZnPg==\" style=\"--smush-placeholder-width: 1600px; --smush-placeholder-aspect-ratio: 1600\/594;\" \/><\/a><\/figure>\n\n\n\n<figure class=\"wp-block-image size-large\"><a href=\"https:\/\/crveni-kriz-delnice.hr\/wp-content\/uploads\/2023\/02\/Pink-shirt-2.jpg\" data-rel=\"lightbox-image-14\" data-rl_title=\"\" data-rl_caption=\"\" title=\"\"><img decoding=\"async\" width=\"1600\" height=\"913\" data-id=\"808\" data-src=\"https:\/\/crveni-kriz-delnice.hr\/wp-content\/uploads\/2023\/02\/Pink-shirt-2.jpg\" alt=\"\" class=\"wp-image-808 lazyload\" src=\"data:image\/svg+xml;base64,PHN2ZyB3aWR0aD0iMSIgaGVpZ2h0PSIxIiB4bWxucz0iaHR0cDovL3d3dy53My5vcmcvMjAwMC9zdmciPjwvc3ZnPg==\" style=\"--smush-placeholder-width: 1600px; --smush-placeholder-aspect-ratio: 1600\/913;\" \/><\/a><\/figure>\n\n\n\n<figure class=\"wp-block-image size-large\"><a href=\"https:\/\/crveni-kriz-delnice.hr\/wp-content\/uploads\/2023\/02\/IMG_20230217_104921.jpg\" data-rel=\"lightbox-image-15\" data-rl_title=\"\" data-rl_caption=\"\" title=\"\"><img decoding=\"async\" width=\"3280\" height=\"2464\" data-id=\"811\" data-src=\"https:\/\/crveni-kriz-delnice.hr\/wp-content\/uploads\/2023\/02\/IMG_20230217_104921.jpg\" alt=\"\" class=\"wp-image-811 lazyload\" src=\"data:image\/svg+xml;base64,PHN2ZyB3aWR0aD0iMSIgaGVpZ2h0PSIxIiB4bWxucz0iaHR0cDovL3d3dy53My5vcmcvMjAwMC9zdmciPjwvc3ZnPg==\" style=\"--smush-placeholder-width: 3280px; --smush-placeholder-aspect-ratio: 3280\/2464;\" \/><\/a><\/figure>\n<\/figure>\n\n\n\n<p>DAN RU\u017dI\u010cASTIH MAJICA \u2013 DAN BORBE PROTIV VR\u0160NJA\u010cKOG NASILJA obilje\u017eili su i mali\u0161ani na Pri\u010daonici pri\u010da u Gradskoj knji\u017enici Janet Majnarich.<\/p>\n\n\n\n<p>Nakon pro\u010ditane pri\u010de \u201eZatvori knjigu nasilja!\u201c o dje\u010daku kojega je Knjiga nasilja PROGUTALA (a ta knjiga proguta svakoga tko \u010dini ne\u0161to lo\u0161e, pazite da i VI ne u\u0111ete u nju!), mali\u0161ani su zaklju\u010dili da je dobro dobar biti i da se dobro &#8211; dobrim vra\u0107a!<\/p>\n\n\n\n<p>\u201eNe govori ru\u017ene rije\u010di!\u201c<br>\u201eNe tuci se!\u201c<br>\u201eNe rugaj se!\u201c<br>\u201eNe vi\u010di!\u201c<br>samo su neke od pouka na ru\u017ei\u010dastim majicama koje su sami izrezali, i koje \u0107e pokazati i svojim vr\u0161njacima.<br><br>Najvi\u0161e su ih odu\u0161evili ru\u017ei\u010dasti baloni, pa veseloj dje\u010djoj igri ju\u010der nije bilo kraja\u2026<\/p>\n\n\n\n<figure class=\"wp-block-gallery has-nested-images columns-4 is-cropped wp-block-gallery-2 is-layout-flex wp-block-gallery-is-layout-flex\">\n<figure class=\"wp-block-image size-large\"><img decoding=\"async\" width=\"1200\" height=\"900\" data-id=\"818\" data-src=\"https:\/\/crveni-kriz-delnice.hr\/wp-content\/uploads\/2023\/02\/20230222_182729.jpg\" alt=\"\" class=\"wp-image-818 lazyload\" src=\"data:image\/svg+xml;base64,PHN2ZyB3aWR0aD0iMSIgaGVpZ2h0PSIxIiB4bWxucz0iaHR0cDovL3d3dy53My5vcmcvMjAwMC9zdmciPjwvc3ZnPg==\" style=\"--smush-placeholder-width: 1200px; --smush-placeholder-aspect-ratio: 1200\/900;\" \/><\/figure>\n\n\n\n<figure class=\"wp-block-image size-large\"><img decoding=\"async\" width=\"1200\" height=\"900\" data-id=\"819\" data-src=\"https:\/\/crveni-kriz-delnice.hr\/wp-content\/uploads\/2023\/02\/20230222_182753.jpg\" alt=\"\" class=\"wp-image-819 lazyload\" src=\"data:image\/svg+xml;base64,PHN2ZyB3aWR0aD0iMSIgaGVpZ2h0PSIxIiB4bWxucz0iaHR0cDovL3d3dy53My5vcmcvMjAwMC9zdmciPjwvc3ZnPg==\" style=\"--smush-placeholder-width: 1200px; --smush-placeholder-aspect-ratio: 1200\/900;\" \/><\/figure>\n\n\n\n<figure class=\"wp-block-image size-large\"><img decoding=\"async\" width=\"1200\" height=\"900\" data-id=\"821\" data-src=\"https:\/\/crveni-kriz-delnice.hr\/wp-content\/uploads\/2023\/02\/BALONI.jpg\" alt=\"\" class=\"wp-image-821 lazyload\" src=\"data:image\/svg+xml;base64,PHN2ZyB3aWR0aD0iMSIgaGVpZ2h0PSIxIiB4bWxucz0iaHR0cDovL3d3dy53My5vcmcvMjAwMC9zdmciPjwvc3ZnPg==\" style=\"--smush-placeholder-width: 1200px; --smush-placeholder-aspect-ratio: 1200\/900;\" \/><\/figure>\n\n\n\n<figure class=\"wp-block-image size-large\"><img decoding=\"async\" width=\"900\" height=\"1200\" data-id=\"820\" data-src=\"https:\/\/crveni-kriz-delnice.hr\/wp-content\/uploads\/2023\/02\/PORUKE.jpg\" alt=\"\" class=\"wp-image-820 lazyload\" src=\"data:image\/svg+xml;base64,PHN2ZyB3aWR0aD0iMSIgaGVpZ2h0PSIxIiB4bWxucz0iaHR0cDovL3d3dy53My5vcmcvMjAwMC9zdmciPjwvc3ZnPg==\" style=\"--smush-placeholder-width: 900px; --smush-placeholder-aspect-ratio: 900\/1200;\" \/><\/figure>\n<\/figure>\n","protected":false},"excerpt":{"rendered":"<p>Posljednje srijede u velja\u010di obilje\u017eavamo Dan ru\u017ei\u010dastih majica kojim se na simboli\u010dan na\u010din \u017eeli skrenuti pozornost na problem sve u\u010destalijega vr\u0161nja\u010dkog nasilja. Hrvatski sabor je 2017. godine proglasio taj dan Nacionalnim danom borbe protiv vr\u0161nja\u010dkog nasilja. I ove godine smo pozvali odgojno \u2013 obrazovne ustanove Gorskoga kotara na suradnju. Zahvaljujemo se na podr\u0161ci \u0161kolama iz [&hellip;]<\/p>\n","protected":false},"author":1,"featured_media":796,"comment_status":"closed","ping_status":"open","sticky":false,"template":"","format":"standard","meta":{"_et_pb_use_builder":"off","_et_pb_old_content":"","_et_gb_content_width":"","footnotes":""},"categories":[4],"tags":[],"class_list":["post-795","post","type-post","status-publish","format-standard","has-post-thumbnail","hentry","category-vijesti"],"_links":{"self":[{"href":"https:\/\/crveni-kriz-delnice.hr\/index.php\/wp-json\/wp\/v2\/posts\/795","targetHints":{"allow":["GET"]}}],"collection":[{"href":"https:\/\/crveni-kriz-delnice.hr\/index.php\/wp-json\/wp\/v2\/posts"}],"about":[{"href":"https:\/\/crveni-kriz-delnice.hr\/index.php\/wp-json\/wp\/v2\/types\/post"}],"author":[{"embeddable":true,"href":"https:\/\/crveni-kriz-delnice.hr\/index.php\/wp-json\/wp\/v2\/users\/1"}],"replies":[{"embeddable":true,"href":"https:\/\/crveni-kriz-delnice.hr\/index.php\/wp-json\/wp\/v2\/comments?post=795"}],"version-history":[{"count":4,"href":"https:\/\/crveni-kriz-delnice.hr\/index.php\/wp-json\/wp\/v2\/posts\/795\/revisions"}],"predecessor-version":[{"id":822,"href":"https:\/\/crveni-kriz-delnice.hr\/index.php\/wp-json\/wp\/v2\/posts\/795\/revisions\/822"}],"wp:featuredmedia":[{"embeddable":true,"href":"https:\/\/crveni-kriz-delnice.hr\/index.php\/wp-json\/wp\/v2\/media\/796"}],"wp:attachment":[{"href":"https:\/\/crveni-kriz-delnice.hr\/index.php\/wp-json\/wp\/v2\/media?parent=795"}],"wp:term":[{"taxonomy":"category","embeddable":true,"href":"https:\/\/crveni-kriz-delnice.hr\/index.php\/wp-json\/wp\/v2\/categories?post=795"},{"taxonomy":"post_tag","embeddable":true,"href":"https:\/\/crveni-kriz-delnice.hr\/index.php\/wp-json\/wp\/v2\/tags?post=795"}],"curies":[{"name":"wp","href":"https:\/\/api.w.org\/{rel}","templated":true}]}}