{"id":792,"date":"2023-02-21T12:04:24","date_gmt":"2023-02-21T12:04:24","guid":{"rendered":"https:\/\/crveni-kriz-delnice.hr\/?p=792"},"modified":"2023-02-21T12:04:24","modified_gmt":"2023-02-21T12:04:24","slug":"akcija-dobrovoljnog-darivanja-krvi-u-ravnoj-gori-i-brod-moravicama","status":"publish","type":"post","link":"https:\/\/crveni-kriz-delnice.hr\/index.php\/akcija-dobrovoljnog-darivanja-krvi-u-ravnoj-gori-i-brod-moravicama\/","title":{"rendered":"Akcija dobrovoljnog darivanja krvi u Ravnoj Gori i Brod Moravicama"},"content":{"rendered":"\n<p>Uspje\u0161no zavr\u0161ila akcija dobrovoljnog darivanja krvi odr\u017eana u Ravnoj Gori i Brod Moravicama.<\/p>\n\n\n\n<p>U Ravnoj Gori se odazvalo 21 osoba, dalo krv 19.<\/p>\n\n\n\n<p>U Brod Moravicama pristupilo je 19 osoba a njih 18 je dalo krv.<\/p>\n\n\n\n<figure class=\"wp-block-image size-full\"><a href=\"https:\/\/crveni-kriz-delnice.hr\/wp-content\/uploads\/2023\/02\/akcija-DDK_veljaca_2023_RG_BM_DE.jpg\" data-rel=\"lightbox-image-0\" data-rl_title=\"\" data-rl_caption=\"\" title=\"\"><img decoding=\"async\" width=\"1273\" height=\"1800\" data-src=\"https:\/\/crveni-kriz-delnice.hr\/wp-content\/uploads\/2023\/02\/akcija-DDK_veljaca_2023_RG_BM_DE.jpg\" alt=\"\" class=\"wp-image-793 lazyload\" src=\"data:image\/svg+xml;base64,PHN2ZyB3aWR0aD0iMSIgaGVpZ2h0PSIxIiB4bWxucz0iaHR0cDovL3d3dy53My5vcmcvMjAwMC9zdmciPjwvc3ZnPg==\" style=\"--smush-placeholder-width: 1273px; --smush-placeholder-aspect-ratio: 1273\/1800;\" \/><\/a><\/figure>\n\n\n\n<p>Tradicionalno, akcija je provedena u suradnji sa Stru\u010dnim timom Klini\u010dkog zavoda za transfuzijsku medicinu KBC Rijeka uz pomo\u0107 na\u0161ih volontera Ivanke Svetli\u010di\u0107 u Ravnoj Gori i Vanje \u0110uri\u0107 te Antonia Crnkovi\u0107a u Brod Moravicama.<\/p>\n\n\n\n<p>Zahvaljujemo se svakom darivatelju, Va\u0161 trud i zalaganje je neizmjerno.<\/p>\n\n\n\n<p>Bez podr\u0161ke medija,samouprava te Doma zdravlja dr. Josip Kajfe\u0161i Osnovne \u0161kole Brod Moravice, na\u0161e akcije ne bi bile tako uspje\u0161ne.<\/p>\n","protected":false},"excerpt":{"rendered":"<p>Uspje\u0161no zavr\u0161ila akcija dobrovoljnog darivanja krvi odr\u017eana u Ravnoj Gori i Brod Moravicama. U Ravnoj Gori se odazvalo 21 osoba, dalo krv 19. U Brod Moravicama pristupilo je 19 osoba a njih 18 je dalo krv. Tradicionalno, akcija je provedena u suradnji sa Stru\u010dnim timom Klini\u010dkog zavoda za transfuzijsku medicinu KBC Rijeka uz pomo\u0107 na\u0161ih [&hellip;]<\/p>\n","protected":false},"author":1,"featured_media":169,"comment_status":"closed","ping_status":"open","sticky":false,"template":"","format":"standard","meta":{"_et_pb_use_builder":"off","_et_pb_old_content":"","_et_gb_content_width":"","footnotes":""},"categories":[4],"tags":[],"class_list":["post-792","post","type-post","status-publish","format-standard","has-post-thumbnail","hentry","category-vijesti"],"_links":{"self":[{"href":"https:\/\/crveni-kriz-delnice.hr\/index.php\/wp-json\/wp\/v2\/posts\/792","targetHints":{"allow":["GET"]}}],"collection":[{"href":"https:\/\/crveni-kriz-delnice.hr\/index.php\/wp-json\/wp\/v2\/posts"}],"about":[{"href":"https:\/\/crveni-kriz-delnice.hr\/index.php\/wp-json\/wp\/v2\/types\/post"}],"author":[{"embeddable":true,"href":"https:\/\/crveni-kriz-delnice.hr\/index.php\/wp-json\/wp\/v2\/users\/1"}],"replies":[{"embeddable":true,"href":"https:\/\/crveni-kriz-delnice.hr\/index.php\/wp-json\/wp\/v2\/comments?post=792"}],"version-history":[{"count":1,"href":"https:\/\/crveni-kriz-delnice.hr\/index.php\/wp-json\/wp\/v2\/posts\/792\/revisions"}],"predecessor-version":[{"id":794,"href":"https:\/\/crveni-kriz-delnice.hr\/index.php\/wp-json\/wp\/v2\/posts\/792\/revisions\/794"}],"wp:featuredmedia":[{"embeddable":true,"href":"https:\/\/crveni-kriz-delnice.hr\/index.php\/wp-json\/wp\/v2\/media\/169"}],"wp:attachment":[{"href":"https:\/\/crveni-kriz-delnice.hr\/index.php\/wp-json\/wp\/v2\/media?parent=792"}],"wp:term":[{"taxonomy":"category","embeddable":true,"href":"https:\/\/crveni-kriz-delnice.hr\/index.php\/wp-json\/wp\/v2\/categories?post=792"},{"taxonomy":"post_tag","embeddable":true,"href":"https:\/\/crveni-kriz-delnice.hr\/index.php\/wp-json\/wp\/v2\/tags?post=792"}],"curies":[{"name":"wp","href":"https:\/\/api.w.org\/{rel}","templated":true}]}}