{"id":776,"date":"2023-02-20T10:07:14","date_gmt":"2023-02-20T10:07:14","guid":{"rendered":"https:\/\/crveni-kriz-delnice.hr\/?p=776"},"modified":"2023-02-20T10:07:14","modified_gmt":"2023-02-20T10:07:14","slug":"javni-poziv-za-zaposljavanje-u-sklopu-projekta-pruzimo-ruke-zazeli-program-zaposljavanja-zena-faza-iii-up-02-1-1-16-0115-2","status":"publish","type":"post","link":"https:\/\/crveni-kriz-delnice.hr\/index.php\/javni-poziv-za-zaposljavanje-u-sklopu-projekta-pruzimo-ruke-zazeli-program-zaposljavanja-zena-faza-iii-up-02-1-1-16-0115-2\/","title":{"rendered":"Javni poziv za zapo\u0161ljavanje u sklopu projekta \u201ePru\u017eimo ruke \u2013 Za\u017eeli-program zapo\u0161ljavanja \u017eena \u2013 faza III\u201c, UP.02.1.1.16.0115"},"content":{"rendered":"\n<p>Predmet Javnog poziva:<br><strong>Zapo\u0161ljavanje pripadnica ciljane skupine na odre\u0111eno vrijeme u trajanju do 2 mjeseca u punom radnom vremenu radi provedbe aktivnosti u sklopu projekta \u201ePru\u017eimo ruke \u2013 Za\u017eeli-program zapo\u0161ljavanja \u017eena \u2013 faza III\u201c, UP.02.1.1.16.0115, financiranog iz Europskog socijalnog fonda<\/strong><\/p>\n\n\n\n<p>Operativni program U\u010dinkoviti ljudski potencijali 2014. \u2013 2020.<\/p>\n\n\n\n<p>Naziv radnog mjesta: radnica na poslovima pomo\u0107i u ku\u0107i<\/p>\n\n\n\n<p>Broj tra\u017eenih pripadnica ciljane skupine: 1<\/p>\n\n\n\n<p>Vrsta zaposlenja: radni odnos na odre\u0111eno vrijeme \u2013 do 2 mjeseca (o\u017eujak \u2013 travanj)<\/p>\n\n\n\n<p>Radno vrijeme: puno radno vrijeme<\/p>\n\n\n\n<p>Mjesto rada: Grad Delnice i Op\u0107ine Mrkopalj<\/p>\n\n\n\n<ul class=\"wp-block-list\">\n<li><a href=\"https:\/\/crveni-kriz-delnice.hr\/wp-content\/uploads\/2023\/02\/HZZ-prijava-potrebe-za-radnikom_II.docx\">HZZ prijava potrebe za radnikom_II (.docx)<\/a><\/li>\n\n\n\n<li><a href=\"https:\/\/crveni-kriz-delnice.hr\/wp-content\/uploads\/2023\/02\/01_javni-poziv_Zazeli-III.docx\">Javni poziv -_Za\u017eeli III (.docx)<\/a><\/li>\n\n\n\n<li><a href=\"https:\/\/crveni-kriz-delnice.hr\/wp-content\/uploads\/2023\/02\/01_javni-poziv_Zazeli-III.pdf\">Javi poziv &#8211; Za\u017eeli III (.pdf)<\/a><\/li>\n\n\n\n<li><a href=\"https:\/\/crveni-kriz-delnice.hr\/wp-content\/uploads\/2023\/02\/obrazac-prijave.docx\">Obrazac prijave (.docx)<\/a><\/li>\n<\/ul>\n","protected":false},"excerpt":{"rendered":"<p>Predmet Javnog poziva:Zapo\u0161ljavanje pripadnica ciljane skupine na odre\u0111eno vrijeme u trajanju do 2 mjeseca u punom radnom vremenu radi provedbe aktivnosti u sklopu projekta \u201ePru\u017eimo ruke \u2013 Za\u017eeli-program zapo\u0161ljavanja \u017eena \u2013 faza III\u201c, UP.02.1.1.16.0115, financiranog iz Europskog socijalnog fonda Operativni program U\u010dinkoviti ljudski potencijali 2014. \u2013 2020. Naziv radnog mjesta: radnica na poslovima pomo\u0107i u [&hellip;]<\/p>\n","protected":false},"author":1,"featured_media":0,"comment_status":"closed","ping_status":"open","sticky":false,"template":"","format":"standard","meta":{"_et_pb_use_builder":"off","_et_pb_old_content":"","_et_gb_content_width":"","footnotes":""},"categories":[6],"tags":[],"class_list":["post-776","post","type-post","status-publish","format-standard","hentry","category-natjecaji"],"_links":{"self":[{"href":"https:\/\/crveni-kriz-delnice.hr\/index.php\/wp-json\/wp\/v2\/posts\/776","targetHints":{"allow":["GET"]}}],"collection":[{"href":"https:\/\/crveni-kriz-delnice.hr\/index.php\/wp-json\/wp\/v2\/posts"}],"about":[{"href":"https:\/\/crveni-kriz-delnice.hr\/index.php\/wp-json\/wp\/v2\/types\/post"}],"author":[{"embeddable":true,"href":"https:\/\/crveni-kriz-delnice.hr\/index.php\/wp-json\/wp\/v2\/users\/1"}],"replies":[{"embeddable":true,"href":"https:\/\/crveni-kriz-delnice.hr\/index.php\/wp-json\/wp\/v2\/comments?post=776"}],"version-history":[{"count":2,"href":"https:\/\/crveni-kriz-delnice.hr\/index.php\/wp-json\/wp\/v2\/posts\/776\/revisions"}],"predecessor-version":[{"id":782,"href":"https:\/\/crveni-kriz-delnice.hr\/index.php\/wp-json\/wp\/v2\/posts\/776\/revisions\/782"}],"wp:attachment":[{"href":"https:\/\/crveni-kriz-delnice.hr\/index.php\/wp-json\/wp\/v2\/media?parent=776"}],"wp:term":[{"taxonomy":"category","embeddable":true,"href":"https:\/\/crveni-kriz-delnice.hr\/index.php\/wp-json\/wp\/v2\/categories?post=776"},{"taxonomy":"post_tag","embeddable":true,"href":"https:\/\/crveni-kriz-delnice.hr\/index.php\/wp-json\/wp\/v2\/tags?post=776"}],"curies":[{"name":"wp","href":"https:\/\/api.w.org\/{rel}","templated":true}]}}