{"id":727,"date":"2022-06-17T10:58:00","date_gmt":"2022-06-17T10:58:00","guid":{"rendered":"https:\/\/crveni-kriz-delnice.hr\/?p=727"},"modified":"2023-01-27T10:59:35","modified_gmt":"2023-01-27T10:59:35","slug":"projekt-mozemo-viii-razred-os-i-g-kovacica","status":"publish","type":"post","link":"https:\/\/crveni-kriz-delnice.hr\/index.php\/projekt-mozemo-viii-razred-os-i-g-kovacica\/","title":{"rendered":"Projekt Mo\u017eemo &#8211; VIII. razred O\u0160 I.G. Kova\u010di\u0107a"},"content":{"rendered":"\n<p>U petak, 19. lipnja, za 40-tak u\u010denika VIII. razreda O\u0160 Ivana Gorana Kova\u010di\u0107a odr\u017eane su radionice u sklopu provedbe projekta Mo\u017eemo li u\u010diniti ne\u0161to za \u017ertve nasilja u obitelji &#8211; Mo\u017eemo! . Sam projekt govori o temi odr\u017eanih radionica. Radionicu je odr\u017eala Tanja Jakovac, prof. pedagogije \u2013 savjetnik, psihoterapeut realitetne terapije i Snje\u017eana Krizmani\u0107, prof. pedagogije.<\/p>\n\n\n\n<figure class=\"wp-block-gallery has-nested-images columns-default is-cropped wp-block-gallery-1 is-layout-flex wp-block-gallery-is-layout-flex\">\n<figure class=\"wp-block-image size-large\"><img decoding=\"async\" width=\"1800\" height=\"1350\" data-id=\"729\" data-src=\"https:\/\/crveni-kriz-delnice.hr\/wp-content\/uploads\/2023\/01\/Radionica-Prava-i-prepoznavanje-nasilja-u-vrsnjackim-vezama.3jpg.jpg\" alt=\"\" class=\"wp-image-729 lazyload\" src=\"data:image\/svg+xml;base64,PHN2ZyB3aWR0aD0iMSIgaGVpZ2h0PSIxIiB4bWxucz0iaHR0cDovL3d3dy53My5vcmcvMjAwMC9zdmciPjwvc3ZnPg==\" style=\"--smush-placeholder-width: 1800px; --smush-placeholder-aspect-ratio: 1800\/1350;\" \/><\/figure>\n\n\n\n<figure class=\"wp-block-image size-large\"><img decoding=\"async\" width=\"1350\" height=\"1800\" data-id=\"730\" data-src=\"https:\/\/crveni-kriz-delnice.hr\/wp-content\/uploads\/2023\/01\/Radionica-Prava-i-prepoznavanje-nasilja-u-vrsnjackim-vezama.4jpg-1.jpg\" alt=\"\" class=\"wp-image-730 lazyload\" src=\"data:image\/svg+xml;base64,PHN2ZyB3aWR0aD0iMSIgaGVpZ2h0PSIxIiB4bWxucz0iaHR0cDovL3d3dy53My5vcmcvMjAwMC9zdmciPjwvc3ZnPg==\" style=\"--smush-placeholder-width: 1350px; --smush-placeholder-aspect-ratio: 1350\/1800;\" \/><\/figure>\n<\/figure>\n","protected":false},"excerpt":{"rendered":"<p>U petak, 19. lipnja, za 40-tak u\u010denika VIII. razreda O\u0160 Ivana Gorana Kova\u010di\u0107a odr\u017eane su radionice u sklopu provedbe projekta Mo\u017eemo li u\u010diniti ne\u0161to za \u017ertve nasilja u obitelji &#8211; Mo\u017eemo! . Sam projekt govori o temi odr\u017eanih radionica. Radionicu je odr\u017eala Tanja Jakovac, prof. pedagogije \u2013 savjetnik, psihoterapeut realitetne terapije i Snje\u017eana Krizmani\u0107, prof. [&hellip;]<\/p>\n","protected":false},"author":1,"featured_media":729,"comment_status":"closed","ping_status":"open","sticky":false,"template":"","format":"standard","meta":{"_et_pb_use_builder":"off","_et_pb_old_content":"","_et_gb_content_width":"","footnotes":""},"categories":[4],"tags":[],"class_list":["post-727","post","type-post","status-publish","format-standard","has-post-thumbnail","hentry","category-vijesti"],"_links":{"self":[{"href":"https:\/\/crveni-kriz-delnice.hr\/index.php\/wp-json\/wp\/v2\/posts\/727","targetHints":{"allow":["GET"]}}],"collection":[{"href":"https:\/\/crveni-kriz-delnice.hr\/index.php\/wp-json\/wp\/v2\/posts"}],"about":[{"href":"https:\/\/crveni-kriz-delnice.hr\/index.php\/wp-json\/wp\/v2\/types\/post"}],"author":[{"embeddable":true,"href":"https:\/\/crveni-kriz-delnice.hr\/index.php\/wp-json\/wp\/v2\/users\/1"}],"replies":[{"embeddable":true,"href":"https:\/\/crveni-kriz-delnice.hr\/index.php\/wp-json\/wp\/v2\/comments?post=727"}],"version-history":[{"count":1,"href":"https:\/\/crveni-kriz-delnice.hr\/index.php\/wp-json\/wp\/v2\/posts\/727\/revisions"}],"predecessor-version":[{"id":731,"href":"https:\/\/crveni-kriz-delnice.hr\/index.php\/wp-json\/wp\/v2\/posts\/727\/revisions\/731"}],"wp:featuredmedia":[{"embeddable":true,"href":"https:\/\/crveni-kriz-delnice.hr\/index.php\/wp-json\/wp\/v2\/media\/729"}],"wp:attachment":[{"href":"https:\/\/crveni-kriz-delnice.hr\/index.php\/wp-json\/wp\/v2\/media?parent=727"}],"wp:term":[{"taxonomy":"category","embeddable":true,"href":"https:\/\/crveni-kriz-delnice.hr\/index.php\/wp-json\/wp\/v2\/categories?post=727"},{"taxonomy":"post_tag","embeddable":true,"href":"https:\/\/crveni-kriz-delnice.hr\/index.php\/wp-json\/wp\/v2\/tags?post=727"}],"curies":[{"name":"wp","href":"https:\/\/api.w.org\/{rel}","templated":true}]}}