{"id":721,"date":"2023-01-27T10:53:03","date_gmt":"2023-01-27T10:53:03","guid":{"rendered":"https:\/\/crveni-kriz-delnice.hr\/?p=721"},"modified":"2023-01-27T10:53:04","modified_gmt":"2023-01-27T10:53:04","slug":"vrisak-bez-glasa-romanu-za-mlade-rizik-od-proljetnog-mraza","status":"publish","type":"post","link":"https:\/\/crveni-kriz-delnice.hr\/index.php\/vrisak-bez-glasa-romanu-za-mlade-rizik-od-proljetnog-mraza\/","title":{"rendered":"VRISAK bez glasa &#8211; romanu za mlade \u201eRizik od proljetnog mraza\u201c"},"content":{"rendered":"\n<p>U okviru projekta VRISAK bez glasa (prevencija nasilja nad i me\u0111u mladima) razgovarali smo o romanu za mlade \u201eRizik od proljetnog mraza\u201c i o temi seksualnog nasilja s autoricom ovog sjajnog romana, rije\u010dkom knji\u017eevnicom Aleksandrom Filipovi\u0107.<\/p>\n\n\n\n<p>Govorili smo o posljedicama nasilja nad i me\u0111u mladima, kako se ono manifestira na osobi na tjelesnom i psihi\u010dkom planu, prate\u0107i \u017eivot glavnog lika.<\/p>\n\n\n\n<p>Istaknuli smo i va\u017enost samostalnog istra\u017eivanja i informiranja, na\u010dina kako se zauzeti za sebe; \u0161to je zlostavljanje, \u0161to je manipulacija, kako ih prepoznati i kako se za\u0161tititi \u2013 to su stvari od \u017eivotne va\u017enosti.<\/p>\n\n\n\n<figure class=\"wp-block-gallery has-nested-images columns-default is-cropped wp-block-gallery-1 is-layout-flex wp-block-gallery-is-layout-flex\">\n<figure class=\"wp-block-image size-large\"><img decoding=\"async\" width=\"2048\" height=\"1536\" data-id=\"722\" data-src=\"https:\/\/crveni-kriz-delnice.hr\/wp-content\/uploads\/2023\/01\/Obrada-knjizevnog-djela-Rizik-od-proljetnog-mraza.jpg\" alt=\"\" class=\"wp-image-722 lazyload\" src=\"data:image\/svg+xml;base64,PHN2ZyB3aWR0aD0iMSIgaGVpZ2h0PSIxIiB4bWxucz0iaHR0cDovL3d3dy53My5vcmcvMjAwMC9zdmciPjwvc3ZnPg==\" style=\"--smush-placeholder-width: 2048px; --smush-placeholder-aspect-ratio: 2048\/1536;\" \/><\/figure>\n\n\n\n<figure class=\"wp-block-image size-large\"><img decoding=\"async\" width=\"2048\" height=\"1536\" data-id=\"723\" data-src=\"https:\/\/crveni-kriz-delnice.hr\/wp-content\/uploads\/2023\/01\/Obrada-knjizevnog-djela-Rizik-od-proljetnog-mraza_1.jpg\" alt=\"\" class=\"wp-image-723 lazyload\" src=\"data:image\/svg+xml;base64,PHN2ZyB3aWR0aD0iMSIgaGVpZ2h0PSIxIiB4bWxucz0iaHR0cDovL3d3dy53My5vcmcvMjAwMC9zdmciPjwvc3ZnPg==\" style=\"--smush-placeholder-width: 2048px; --smush-placeholder-aspect-ratio: 2048\/1536;\" \/><\/figure>\n\n\n\n<figure class=\"wp-block-image size-large\"><img decoding=\"async\" width=\"2048\" height=\"1536\" data-id=\"724\" data-src=\"https:\/\/crveni-kriz-delnice.hr\/wp-content\/uploads\/2023\/01\/Obrada-knjizevnog-djela-Rizik-od-proljetnog-mraza_2.jpg\" alt=\"\" class=\"wp-image-724 lazyload\" src=\"data:image\/svg+xml;base64,PHN2ZyB3aWR0aD0iMSIgaGVpZ2h0PSIxIiB4bWxucz0iaHR0cDovL3d3dy53My5vcmcvMjAwMC9zdmciPjwvc3ZnPg==\" style=\"--smush-placeholder-width: 2048px; --smush-placeholder-aspect-ratio: 2048\/1536;\" \/><\/figure>\n\n\n\n<figure class=\"wp-block-image size-large\"><img decoding=\"async\" width=\"2048\" height=\"1536\" data-id=\"725\" data-src=\"https:\/\/crveni-kriz-delnice.hr\/wp-content\/uploads\/2023\/01\/Obrada-knjizevnog-djela-Rizik-od-proljetnog-mraza_3.jpg\" alt=\"\" class=\"wp-image-725 lazyload\" src=\"data:image\/svg+xml;base64,PHN2ZyB3aWR0aD0iMSIgaGVpZ2h0PSIxIiB4bWxucz0iaHR0cDovL3d3dy53My5vcmcvMjAwMC9zdmciPjwvc3ZnPg==\" style=\"--smush-placeholder-width: 2048px; --smush-placeholder-aspect-ratio: 2048\/1536;\" \/><\/figure>\n<\/figure>\n","protected":false},"excerpt":{"rendered":"<p>U okviru projekta VRISAK bez glasa (prevencija nasilja nad i me\u0111u mladima) razgovarali smo o romanu za mlade \u201eRizik od proljetnog mraza\u201c i o temi seksualnog nasilja s autoricom ovog sjajnog romana, rije\u010dkom knji\u017eevnicom Aleksandrom Filipovi\u0107. Govorili smo o posljedicama nasilja nad i me\u0111u mladima, kako se ono manifestira na osobi na tjelesnom i psihi\u010dkom [&hellip;]<\/p>\n","protected":false},"author":1,"featured_media":725,"comment_status":"closed","ping_status":"open","sticky":false,"template":"","format":"standard","meta":{"_et_pb_use_builder":"off","_et_pb_old_content":"","_et_gb_content_width":"","footnotes":""},"categories":[4],"tags":[],"class_list":["post-721","post","type-post","status-publish","format-standard","has-post-thumbnail","hentry","category-vijesti"],"_links":{"self":[{"href":"https:\/\/crveni-kriz-delnice.hr\/index.php\/wp-json\/wp\/v2\/posts\/721","targetHints":{"allow":["GET"]}}],"collection":[{"href":"https:\/\/crveni-kriz-delnice.hr\/index.php\/wp-json\/wp\/v2\/posts"}],"about":[{"href":"https:\/\/crveni-kriz-delnice.hr\/index.php\/wp-json\/wp\/v2\/types\/post"}],"author":[{"embeddable":true,"href":"https:\/\/crveni-kriz-delnice.hr\/index.php\/wp-json\/wp\/v2\/users\/1"}],"replies":[{"embeddable":true,"href":"https:\/\/crveni-kriz-delnice.hr\/index.php\/wp-json\/wp\/v2\/comments?post=721"}],"version-history":[{"count":1,"href":"https:\/\/crveni-kriz-delnice.hr\/index.php\/wp-json\/wp\/v2\/posts\/721\/revisions"}],"predecessor-version":[{"id":726,"href":"https:\/\/crveni-kriz-delnice.hr\/index.php\/wp-json\/wp\/v2\/posts\/721\/revisions\/726"}],"wp:featuredmedia":[{"embeddable":true,"href":"https:\/\/crveni-kriz-delnice.hr\/index.php\/wp-json\/wp\/v2\/media\/725"}],"wp:attachment":[{"href":"https:\/\/crveni-kriz-delnice.hr\/index.php\/wp-json\/wp\/v2\/media?parent=721"}],"wp:term":[{"taxonomy":"category","embeddable":true,"href":"https:\/\/crveni-kriz-delnice.hr\/index.php\/wp-json\/wp\/v2\/categories?post=721"},{"taxonomy":"post_tag","embeddable":true,"href":"https:\/\/crveni-kriz-delnice.hr\/index.php\/wp-json\/wp\/v2\/tags?post=721"}],"curies":[{"name":"wp","href":"https:\/\/api.w.org\/{rel}","templated":true}]}}