{"id":712,"date":"2023-01-27T10:37:40","date_gmt":"2023-01-27T10:37:40","guid":{"rendered":"https:\/\/crveni-kriz-delnice.hr\/?p=712"},"modified":"2023-01-27T10:37:40","modified_gmt":"2023-01-27T10:37:40","slug":"vrisak-bez-glasa-prevencija-nasilja-nad-i-medu-mladima-u-gradskoj-knjiznici-janet-majnarich","status":"publish","type":"post","link":"https:\/\/crveni-kriz-delnice.hr\/index.php\/vrisak-bez-glasa-prevencija-nasilja-nad-i-medu-mladima-u-gradskoj-knjiznici-janet-majnarich\/","title":{"rendered":"VRISAK bez glasa- prevencija nasilja nad i me\u0111u mladima  u Gradskoj knji\u017enici Janet Majnarich"},"content":{"rendered":"\n<p>U sklopu projekta VRISAK bez glasa- prevencija nasilja nad i me\u0111u mladima odr\u017eana je knji\u017eevna rasprava u Gradskoj knji\u017enici Janet Majnarich.<\/p>\n\n\n\n<p>U\u010denici Srednje \u0161kole Delnice obra\u0111ivali su knjigu \u201eHod po rubu\u201c, autorice Rosie Kugli i Marijane Ple\u0161e.<\/p>\n\n\n\n<p>Ova knjiga dru\u0161tveno je anga\u017eirana &#8211; govori o maloljetni\u010dkom kriminalu uz vrlo slikoviti prikaz koliko malo je ponekad potrebno mladom \u010dovjeku da \u201eskrene s puta\u201c i na\u0111e se u svijetu koji, zapravo, nije njegov i kako se te\u0161ko izvu\u0107i s takvog puta, unato\u010d \u017eelji i nastojanjima.<\/p>\n\n\n\n<p>Kroz pri\u010du koja uvjerljivo predstavlja i kako \u017eivotne okolnosti mogu \u201epogurati\u201c mlade na destruktivan i samodestruktivan put, vodila nas je prof. Jasminka Lisac.<\/p>\n\n\n\n<p>Projekt provodi Gradsko dru\u0161tvo Crvenog kri\u017ea Delnice u suradnji sa Srednjom \u0161kolom Delnice , Gradskom knji\u017enicom Janet Majnarich Delnice, O\u0160 Delnice i O\u0160 Vrbovsko.<\/p>\n\n\n\n<figure class=\"wp-block-gallery has-nested-images columns-default is-cropped wp-block-gallery-1 is-layout-flex wp-block-gallery-is-layout-flex\">\n<figure class=\"wp-block-image size-large\"><img decoding=\"async\" width=\"600\" height=\"450\" data-id=\"713\" data-src=\"https:\/\/crveni-kriz-delnice.hr\/wp-content\/uploads\/2023\/01\/312998199_484905680332595_554705954817676553_n-1.jpg\" alt=\"\" class=\"wp-image-713 lazyload\" src=\"data:image\/svg+xml;base64,PHN2ZyB3aWR0aD0iMSIgaGVpZ2h0PSIxIiB4bWxucz0iaHR0cDovL3d3dy53My5vcmcvMjAwMC9zdmciPjwvc3ZnPg==\" style=\"--smush-placeholder-width: 600px; --smush-placeholder-aspect-ratio: 600\/450;\" \/><\/figure>\n\n\n\n<figure class=\"wp-block-image size-large\"><img decoding=\"async\" width=\"600\" height=\"450\" data-id=\"714\" data-src=\"https:\/\/crveni-kriz-delnice.hr\/wp-content\/uploads\/2023\/01\/313114388_484905800332583_1064645982527955888_n.jpg\" alt=\"\" class=\"wp-image-714 lazyload\" src=\"data:image\/svg+xml;base64,PHN2ZyB3aWR0aD0iMSIgaGVpZ2h0PSIxIiB4bWxucz0iaHR0cDovL3d3dy53My5vcmcvMjAwMC9zdmciPjwvc3ZnPg==\" style=\"--smush-placeholder-width: 600px; --smush-placeholder-aspect-ratio: 600\/450;\" \/><\/figure>\n<\/figure>\n","protected":false},"excerpt":{"rendered":"<p>U sklopu projekta VRISAK bez glasa- prevencija nasilja nad i me\u0111u mladima odr\u017eana je knji\u017eevna rasprava u Gradskoj knji\u017enici Janet Majnarich. U\u010denici Srednje \u0161kole Delnice obra\u0111ivali su knjigu \u201eHod po rubu\u201c, autorice Rosie Kugli i Marijane Ple\u0161e. Ova knjiga dru\u0161tveno je anga\u017eirana &#8211; govori o maloljetni\u010dkom kriminalu uz vrlo slikoviti prikaz koliko malo je ponekad [&hellip;]<\/p>\n","protected":false},"author":1,"featured_media":714,"comment_status":"closed","ping_status":"open","sticky":false,"template":"","format":"standard","meta":{"_et_pb_use_builder":"off","_et_pb_old_content":"","_et_gb_content_width":"","footnotes":""},"categories":[4],"tags":[],"class_list":["post-712","post","type-post","status-publish","format-standard","has-post-thumbnail","hentry","category-vijesti"],"_links":{"self":[{"href":"https:\/\/crveni-kriz-delnice.hr\/index.php\/wp-json\/wp\/v2\/posts\/712","targetHints":{"allow":["GET"]}}],"collection":[{"href":"https:\/\/crveni-kriz-delnice.hr\/index.php\/wp-json\/wp\/v2\/posts"}],"about":[{"href":"https:\/\/crveni-kriz-delnice.hr\/index.php\/wp-json\/wp\/v2\/types\/post"}],"author":[{"embeddable":true,"href":"https:\/\/crveni-kriz-delnice.hr\/index.php\/wp-json\/wp\/v2\/users\/1"}],"replies":[{"embeddable":true,"href":"https:\/\/crveni-kriz-delnice.hr\/index.php\/wp-json\/wp\/v2\/comments?post=712"}],"version-history":[{"count":1,"href":"https:\/\/crveni-kriz-delnice.hr\/index.php\/wp-json\/wp\/v2\/posts\/712\/revisions"}],"predecessor-version":[{"id":715,"href":"https:\/\/crveni-kriz-delnice.hr\/index.php\/wp-json\/wp\/v2\/posts\/712\/revisions\/715"}],"wp:featuredmedia":[{"embeddable":true,"href":"https:\/\/crveni-kriz-delnice.hr\/index.php\/wp-json\/wp\/v2\/media\/714"}],"wp:attachment":[{"href":"https:\/\/crveni-kriz-delnice.hr\/index.php\/wp-json\/wp\/v2\/media?parent=712"}],"wp:term":[{"taxonomy":"category","embeddable":true,"href":"https:\/\/crveni-kriz-delnice.hr\/index.php\/wp-json\/wp\/v2\/categories?post=712"},{"taxonomy":"post_tag","embeddable":true,"href":"https:\/\/crveni-kriz-delnice.hr\/index.php\/wp-json\/wp\/v2\/tags?post=712"}],"curies":[{"name":"wp","href":"https:\/\/api.w.org\/{rel}","templated":true}]}}