{"id":59,"date":"2022-06-19T10:04:00","date_gmt":"2022-06-19T10:04:00","guid":{"rendered":"https:\/\/crveni-kriz-delnice.hr\/?p=59"},"modified":"2023-01-23T08:23:11","modified_gmt":"2023-01-23T08:23:11","slug":"radionice-u-sklopu-provedbe-projekta-vrisak-bez-glasa-prevencija-nasilja-nad-i-medu-mladima-i-mozemo-li-uciniti-nesto-za-zrtve-nasilja-u-obitelji-mozemo","status":"publish","type":"post","link":"https:\/\/crveni-kriz-delnice.hr\/index.php\/radionice-u-sklopu-provedbe-projekta-vrisak-bez-glasa-prevencija-nasilja-nad-i-medu-mladima-i-mozemo-li-uciniti-nesto-za-zrtve-nasilja-u-obitelji-mozemo\/","title":{"rendered":"Radionice u sklopu provedbe projekta \u201cVRISAK bez glasa\u201d  &#8211; prevencija  nasilja nad i me\u0111u mladima i  Mo\u017eemo li u\u010diniti ne\u0161to za \u017ertve nasilja u  obitelji &#8211; Mo\u017eemo!"},"content":{"rendered":"\n<p>U petak, 19. lipnja, za 40-tak u\u010denika VIII. razreda O\u0160 Ivana Gorana Kova\u010di\u0107a odr\u017eane su radionice u sklopu provedbe projekta \u201cVRISAK bez glasa\u201d &#8211; prevencija nasilja nad i me\u0111u mladima i Mo\u017eemo li u\u010diniti ne\u0161to za \u017ertve nasilja u obitelji &#8211; Mo\u017eemo! . Sami projekti govore o temema odr\u017eanih radionica. Radionice su odr\u017eale Tanja Jakovac, prof. pedagogije \u2013 savjetnik, psihoterapeut realitetne terapije, Ksenija Petelin, prof. pedagogije, dje\u010dji i adolescentni psihoterapeut, i Snje\u017eana Krizmani\u0107, prof. pedagogije.<\/p>\n\n\n\n<figure class=\"wp-block-gallery has-nested-images columns-default is-cropped wp-block-gallery-1 is-layout-flex wp-block-gallery-is-layout-flex\">\n<figure class=\"wp-block-image size-large\"><img decoding=\"async\" width=\"1024\" height=\"768\" data-id=\"60\" data-src=\"https:\/\/crveni-kriz-delnice.hr\/wp-content\/uploads\/2022\/07\/288155051_1743894459281204_7071990194304651421_n-1024x768.jpg\" alt=\"\" class=\"wp-image-60 lazyload\" data-srcset=\"https:\/\/crveni-kriz-delnice.hr\/wp-content\/uploads\/2022\/07\/288155051_1743894459281204_7071990194304651421_n-1024x768.jpg 1024w, https:\/\/crveni-kriz-delnice.hr\/wp-content\/uploads\/2022\/07\/288155051_1743894459281204_7071990194304651421_n-300x225.jpg 300w, https:\/\/crveni-kriz-delnice.hr\/wp-content\/uploads\/2022\/07\/288155051_1743894459281204_7071990194304651421_n-768x576.jpg 768w, https:\/\/crveni-kriz-delnice.hr\/wp-content\/uploads\/2022\/07\/288155051_1743894459281204_7071990194304651421_n-1536x1152.jpg 1536w, https:\/\/crveni-kriz-delnice.hr\/wp-content\/uploads\/2022\/07\/288155051_1743894459281204_7071990194304651421_n-510x382.jpg 510w, https:\/\/crveni-kriz-delnice.hr\/wp-content\/uploads\/2022\/07\/288155051_1743894459281204_7071990194304651421_n-1080x810.jpg 1080w, https:\/\/crveni-kriz-delnice.hr\/wp-content\/uploads\/2022\/07\/288155051_1743894459281204_7071990194304651421_n.jpg 1800w\" data-sizes=\"(max-width: 1024px) 100vw, 1024px\" src=\"data:image\/svg+xml;base64,PHN2ZyB3aWR0aD0iMSIgaGVpZ2h0PSIxIiB4bWxucz0iaHR0cDovL3d3dy53My5vcmcvMjAwMC9zdmciPjwvc3ZnPg==\" style=\"--smush-placeholder-width: 1024px; --smush-placeholder-aspect-ratio: 1024\/768;\" \/><\/figure>\n\n\n\n<figure class=\"wp-block-image size-large\"><img decoding=\"async\" width=\"1024\" height=\"576\" data-id=\"62\" data-src=\"https:\/\/crveni-kriz-delnice.hr\/wp-content\/uploads\/2022\/07\/288238055_1743894512614532_1307825373704168349_n-1024x576.jpg\" alt=\"\" class=\"wp-image-62 lazyload\" data-srcset=\"https:\/\/crveni-kriz-delnice.hr\/wp-content\/uploads\/2022\/07\/288238055_1743894512614532_1307825373704168349_n-1024x576.jpg 1024w, https:\/\/crveni-kriz-delnice.hr\/wp-content\/uploads\/2022\/07\/288238055_1743894512614532_1307825373704168349_n-300x169.jpg 300w, https:\/\/crveni-kriz-delnice.hr\/wp-content\/uploads\/2022\/07\/288238055_1743894512614532_1307825373704168349_n-768x432.jpg 768w, https:\/\/crveni-kriz-delnice.hr\/wp-content\/uploads\/2022\/07\/288238055_1743894512614532_1307825373704168349_n-1536x864.jpg 1536w, https:\/\/crveni-kriz-delnice.hr\/wp-content\/uploads\/2022\/07\/288238055_1743894512614532_1307825373704168349_n-1080x608.jpg 1080w, https:\/\/crveni-kriz-delnice.hr\/wp-content\/uploads\/2022\/07\/288238055_1743894512614532_1307825373704168349_n.jpg 1600w\" data-sizes=\"(max-width: 1024px) 100vw, 1024px\" src=\"data:image\/svg+xml;base64,PHN2ZyB3aWR0aD0iMSIgaGVpZ2h0PSIxIiB4bWxucz0iaHR0cDovL3d3dy53My5vcmcvMjAwMC9zdmciPjwvc3ZnPg==\" style=\"--smush-placeholder-width: 1024px; --smush-placeholder-aspect-ratio: 1024\/576;\" \/><\/figure>\n\n\n\n<figure class=\"wp-block-image size-large\"><img decoding=\"async\" width=\"1024\" height=\"576\" data-id=\"61\" data-src=\"https:\/\/crveni-kriz-delnice.hr\/wp-content\/uploads\/2022\/07\/288254418_1743894542614529_4300563438000861442_n-1024x576.jpg\" alt=\"\" class=\"wp-image-61 lazyload\" data-srcset=\"https:\/\/crveni-kriz-delnice.hr\/wp-content\/uploads\/2022\/07\/288254418_1743894542614529_4300563438000861442_n-1024x576.jpg 1024w, https:\/\/crveni-kriz-delnice.hr\/wp-content\/uploads\/2022\/07\/288254418_1743894542614529_4300563438000861442_n-300x169.jpg 300w, https:\/\/crveni-kriz-delnice.hr\/wp-content\/uploads\/2022\/07\/288254418_1743894542614529_4300563438000861442_n-768x432.jpg 768w, https:\/\/crveni-kriz-delnice.hr\/wp-content\/uploads\/2022\/07\/288254418_1743894542614529_4300563438000861442_n-1536x864.jpg 1536w, https:\/\/crveni-kriz-delnice.hr\/wp-content\/uploads\/2022\/07\/288254418_1743894542614529_4300563438000861442_n-1080x608.jpg 1080w, https:\/\/crveni-kriz-delnice.hr\/wp-content\/uploads\/2022\/07\/288254418_1743894542614529_4300563438000861442_n.jpg 1600w\" data-sizes=\"(max-width: 1024px) 100vw, 1024px\" src=\"data:image\/svg+xml;base64,PHN2ZyB3aWR0aD0iMSIgaGVpZ2h0PSIxIiB4bWxucz0iaHR0cDovL3d3dy53My5vcmcvMjAwMC9zdmciPjwvc3ZnPg==\" style=\"--smush-placeholder-width: 1024px; --smush-placeholder-aspect-ratio: 1024\/576;\" \/><\/figure>\n<\/figure>\n","protected":false},"excerpt":{"rendered":"<p>U petak, 19. lipnja, za 40-tak u\u010denika VIII. razreda O\u0160 Ivana Gorana Kova\u010di\u0107a odr\u017eane su radionice u sklopu provedbe projekta \u201cVRISAK bez glasa\u201d &#8211; prevencija nasilja nad i me\u0111u mladima i Mo\u017eemo li u\u010diniti ne\u0161to za \u017ertve nasilja u obitelji &#8211; Mo\u017eemo! . Sami projekti govore o temema odr\u017eanih radionica. Radionice su odr\u017eale Tanja Jakovac, [&hellip;]<\/p>\n","protected":false},"author":1,"featured_media":60,"comment_status":"closed","ping_status":"open","sticky":false,"template":"","format":"standard","meta":{"_et_pb_use_builder":"","_et_pb_old_content":"","_et_gb_content_width":"","footnotes":""},"categories":[4],"tags":[],"class_list":["post-59","post","type-post","status-publish","format-standard","has-post-thumbnail","hentry","category-vijesti"],"_links":{"self":[{"href":"https:\/\/crveni-kriz-delnice.hr\/index.php\/wp-json\/wp\/v2\/posts\/59","targetHints":{"allow":["GET"]}}],"collection":[{"href":"https:\/\/crveni-kriz-delnice.hr\/index.php\/wp-json\/wp\/v2\/posts"}],"about":[{"href":"https:\/\/crveni-kriz-delnice.hr\/index.php\/wp-json\/wp\/v2\/types\/post"}],"author":[{"embeddable":true,"href":"https:\/\/crveni-kriz-delnice.hr\/index.php\/wp-json\/wp\/v2\/users\/1"}],"replies":[{"embeddable":true,"href":"https:\/\/crveni-kriz-delnice.hr\/index.php\/wp-json\/wp\/v2\/comments?post=59"}],"version-history":[{"count":1,"href":"https:\/\/crveni-kriz-delnice.hr\/index.php\/wp-json\/wp\/v2\/posts\/59\/revisions"}],"predecessor-version":[{"id":63,"href":"https:\/\/crveni-kriz-delnice.hr\/index.php\/wp-json\/wp\/v2\/posts\/59\/revisions\/63"}],"wp:featuredmedia":[{"embeddable":true,"href":"https:\/\/crveni-kriz-delnice.hr\/index.php\/wp-json\/wp\/v2\/media\/60"}],"wp:attachment":[{"href":"https:\/\/crveni-kriz-delnice.hr\/index.php\/wp-json\/wp\/v2\/media?parent=59"}],"wp:term":[{"taxonomy":"category","embeddable":true,"href":"https:\/\/crveni-kriz-delnice.hr\/index.php\/wp-json\/wp\/v2\/categories?post=59"},{"taxonomy":"post_tag","embeddable":true,"href":"https:\/\/crveni-kriz-delnice.hr\/index.php\/wp-json\/wp\/v2\/tags?post=59"}],"curies":[{"name":"wp","href":"https:\/\/api.w.org\/{rel}","templated":true}]}}