{"id":492,"date":"2022-09-28T07:34:35","date_gmt":"2022-09-28T07:34:35","guid":{"rendered":"https:\/\/crveni-kriz-delnice.hr\/?p=492"},"modified":"2023-01-23T08:22:56","modified_gmt":"2023-01-23T08:22:56","slug":"obiljezavanje-dana-ruzicaste-vrpce","status":"publish","type":"post","link":"https:\/\/crveni-kriz-delnice.hr\/index.php\/obiljezavanje-dana-ruzicaste-vrpce\/","title":{"rendered":"Obilje\u017eavanje Dana ru\u017ei\u010daste vrpce"},"content":{"rendered":"\n<p><\/p>\n\n\n\n<div class=\"wp-block-media-text alignwide is-stacked-on-mobile\" style=\"grid-template-columns:37% auto\"><figure class=\"wp-block-media-text__media\"><img decoding=\"async\" width=\"1200\" height=\"1600\" data-src=\"https:\/\/crveni-kriz-delnice.hr\/wp-content\/uploads\/2022\/09\/crvene-ruze_foto-1.jpg\" alt=\"\" class=\"wp-image-494 size-full lazyload\" src=\"data:image\/svg+xml;base64,PHN2ZyB3aWR0aD0iMSIgaGVpZ2h0PSIxIiB4bWxucz0iaHR0cDovL3d3dy53My5vcmcvMjAwMC9zdmciPjwvc3ZnPg==\" style=\"--smush-placeholder-width: 1200px; --smush-placeholder-aspect-ratio: 1200\/1600;\" \/><\/figure><div class=\"wp-block-media-text__content\">\n<p>01. listopada u Hrvatskoj se obilje\u017eava Nacionalni dan prevencije raka dojke\/ DAN RU\u017dI\u010cASTE VRPCE<\/p>\n\n\n\n<p>Dan ru\u017ei\u010daste vrpce obilje\u017eava se svake godine prve subote u listopadu. Sve je po\u010delo prije gotovo dvadeset i sedam godina, kada je u Americi pokrenuta neprofitna, humanitarna udruga za borbu protiv raka dojke, nazvana po svom simbolu \u2013 \u201eRu\u017ei\u010dasta vrpca\u201c. Danas ovaj humanitarni projekt uklju\u010duje vi\u0161e od 30 zemalja svijeta sa zajedni\u010dkim ciljem \u2013 upozoriti na va\u017enost ranog otkrivanja raka dojke kako bi se pove\u0107ao broj izlje\u010denja.<\/p>\n\n\n\n<p>U suradnji s Udrugom NADA iz Rijeke, 29. rujna 2022. godine s po\u010detkom u 9 sati na Trgu 138. brigade HV u Delnicama prodavati \u0107emo crvene i roza ru\u017ee simbol prevencije raka dojke.<\/p>\n\n\n\n<p>Cilj akcije je ukazati na va\u017enost prevencije i odazivanja \u017eena na prenventivne programe ranog otkrivanja raka. Dijagnostika i lije\u010denje raka dojke neprestano napreduje stoga je klju\u010dno rano otkrivanje tumora koje \u0107e omogu\u0107iti ciljano lije\u010denje i pove\u0107anje izgleda uspje\u0161nog izlije\u010denja raka dojke.<\/p>\n\n\n\n<p>Molimo gra\u0111ane da se odazovu u \u0161to ve\u0107em broju i kupnjom ru\u017ee doniraju sredstva za prevenciju raka dojke.<\/p>\n<\/div><\/div>\n\n\n\n<figure class=\"wp-block-gallery has-nested-images columns-default is-cropped wp-block-gallery-1 is-layout-flex wp-block-gallery-is-layout-flex\">\n<figure class=\"wp-block-image size-large\"><a href=\"https:\/\/crveni-kriz-delnice.hr\/wp-content\/uploads\/2022\/09\/dan-ruzicaste-vrpce-Plakat.jpg\" data-rel=\"lightbox-image-0\" data-rl_title=\"\" data-rl_caption=\"\" title=\"\"><img decoding=\"async\" width=\"842\" height=\"1191\" data-id=\"497\" data-src=\"https:\/\/crveni-kriz-delnice.hr\/wp-content\/uploads\/2022\/09\/dan-ruzicaste-vrpce-Plakat.jpg\" alt=\"\" class=\"wp-image-497 lazyload\" src=\"data:image\/svg+xml;base64,PHN2ZyB3aWR0aD0iMSIgaGVpZ2h0PSIxIiB4bWxucz0iaHR0cDovL3d3dy53My5vcmcvMjAwMC9zdmciPjwvc3ZnPg==\" style=\"--smush-placeholder-width: 842px; --smush-placeholder-aspect-ratio: 842\/1191;\" \/><\/a><\/figure>\n\n\n\n<figure class=\"wp-block-image size-large\"><a href=\"https:\/\/crveni-kriz-delnice.hr\/wp-content\/uploads\/2022\/09\/dan-ruzicaste-vrpce-Poziv.jpg\" data-rel=\"lightbox-image-1\" data-rl_title=\"\" data-rl_caption=\"\" title=\"\"><img decoding=\"async\" width=\"1032\" height=\"760\" data-id=\"496\" data-src=\"https:\/\/crveni-kriz-delnice.hr\/wp-content\/uploads\/2022\/09\/dan-ruzicaste-vrpce-Poziv.jpg\" alt=\"\" class=\"wp-image-496 lazyload\" src=\"data:image\/svg+xml;base64,PHN2ZyB3aWR0aD0iMSIgaGVpZ2h0PSIxIiB4bWxucz0iaHR0cDovL3d3dy53My5vcmcvMjAwMC9zdmciPjwvc3ZnPg==\" style=\"--smush-placeholder-width: 1032px; --smush-placeholder-aspect-ratio: 1032\/760;\" \/><\/a><\/figure>\n<\/figure>\n","protected":false},"excerpt":{"rendered":"<p>01. listopada u Hrvatskoj se obilje\u017eava Nacionalni dan prevencije raka dojke\/ DAN RU\u017dI\u010cASTE VRPCE Dan ru\u017ei\u010daste vrpce obilje\u017eava se svake godine prve subote u listopadu. Sve je po\u010delo prije gotovo dvadeset i sedam godina, kada je u Americi pokrenuta neprofitna, humanitarna udruga za borbu protiv raka dojke, nazvana po svom simbolu \u2013 \u201eRu\u017ei\u010dasta vrpca\u201c. Danas [&hellip;]<\/p>\n","protected":false},"author":1,"featured_media":493,"comment_status":"closed","ping_status":"open","sticky":false,"template":"","format":"standard","meta":{"_et_pb_use_builder":"off","_et_pb_old_content":"","_et_gb_content_width":"","footnotes":""},"categories":[4],"tags":[],"class_list":["post-492","post","type-post","status-publish","format-standard","has-post-thumbnail","hentry","category-vijesti"],"_links":{"self":[{"href":"https:\/\/crveni-kriz-delnice.hr\/index.php\/wp-json\/wp\/v2\/posts\/492","targetHints":{"allow":["GET"]}}],"collection":[{"href":"https:\/\/crveni-kriz-delnice.hr\/index.php\/wp-json\/wp\/v2\/posts"}],"about":[{"href":"https:\/\/crveni-kriz-delnice.hr\/index.php\/wp-json\/wp\/v2\/types\/post"}],"author":[{"embeddable":true,"href":"https:\/\/crveni-kriz-delnice.hr\/index.php\/wp-json\/wp\/v2\/users\/1"}],"replies":[{"embeddable":true,"href":"https:\/\/crveni-kriz-delnice.hr\/index.php\/wp-json\/wp\/v2\/comments?post=492"}],"version-history":[{"count":3,"href":"https:\/\/crveni-kriz-delnice.hr\/index.php\/wp-json\/wp\/v2\/posts\/492\/revisions"}],"predecessor-version":[{"id":499,"href":"https:\/\/crveni-kriz-delnice.hr\/index.php\/wp-json\/wp\/v2\/posts\/492\/revisions\/499"}],"wp:featuredmedia":[{"embeddable":true,"href":"https:\/\/crveni-kriz-delnice.hr\/index.php\/wp-json\/wp\/v2\/media\/493"}],"wp:attachment":[{"href":"https:\/\/crveni-kriz-delnice.hr\/index.php\/wp-json\/wp\/v2\/media?parent=492"}],"wp:term":[{"taxonomy":"category","embeddable":true,"href":"https:\/\/crveni-kriz-delnice.hr\/index.php\/wp-json\/wp\/v2\/categories?post=492"},{"taxonomy":"post_tag","embeddable":true,"href":"https:\/\/crveni-kriz-delnice.hr\/index.php\/wp-json\/wp\/v2\/tags?post=492"}],"curies":[{"name":"wp","href":"https:\/\/api.w.org\/{rel}","templated":true}]}}