{"id":416,"date":"2022-08-17T12:29:17","date_gmt":"2022-08-17T12:29:17","guid":{"rendered":"https:\/\/crveni-kriz-delnice.hr\/?p=416"},"modified":"2023-01-23T08:23:11","modified_gmt":"2023-01-23T08:23:11","slug":"ljetna-akcija-dobrovoljnog-darivanja-krvi-u-delnicama","status":"publish","type":"post","link":"https:\/\/crveni-kriz-delnice.hr\/index.php\/ljetna-akcija-dobrovoljnog-darivanja-krvi-u-delnicama\/","title":{"rendered":"Ljetna akcija dobrovoljnog darivanja krvi u Delnicama"},"content":{"rendered":"\n<p>Ju\u010der smo zapo\u010deli ljetnu akciju dobrovoljnog darivanja krvi na podru\u010dju sedam jedinica lokalnih samouprava, odnosno na podru\u010dju djelovanja Gradskog dru\u0161tva Crvenog kri\u017ea Delnice. Darivanju krvi pristupila je 111 osoba, 13 \u017eena i 98 mu\u0161karaca iz Grada Delnica, op\u0107ina: Lokava, Fu\u017eina, Mrkoplja, Ravne Gore, Brod Moravica i Skrada . Dalo krv 109 osoba.<\/p>\n\n\n\n<p>Ru\u017ei\u0107 Karlo iz Delnica i Lopar Antonio iz Petrinje prvi puta darivali krv.<\/p>\n\n\n\n<p>Posebna pohvala pohvala Pu\u0161kari\u0107 Zlatku iz Crnog Luga za 113 puta darovanu krv.<\/p>\n\n\n\n<figure class=\"wp-block-image size-full\"><a href=\"https:\/\/crveni-kriz-delnice.hr\/wp-content\/uploads\/2022\/08\/akcija-DDK_kolovoz_2022.jpg\" data-rel=\"lightbox-image-0\" data-rl_title=\"\" data-rl_caption=\"\" title=\"\"><img decoding=\"async\" width=\"1131\" height=\"1600\" data-src=\"https:\/\/crveni-kriz-delnice.hr\/wp-content\/uploads\/2022\/08\/akcija-DDK_kolovoz_2022.jpg\" alt=\"\" class=\"wp-image-417 lazyload\" src=\"data:image\/svg+xml;base64,PHN2ZyB3aWR0aD0iMSIgaGVpZ2h0PSIxIiB4bWxucz0iaHR0cDovL3d3dy53My5vcmcvMjAwMC9zdmciPjwvc3ZnPg==\" style=\"--smush-placeholder-width: 1131px; --smush-placeholder-aspect-ratio: 1131\/1600;\" \/><\/a><\/figure>\n\n\n\n<figure class=\"wp-block-gallery has-nested-images columns-default is-cropped wp-block-gallery-1 is-layout-flex wp-block-gallery-is-layout-flex\">\n<figure class=\"wp-block-image size-large\"><img decoding=\"async\" width=\"1200\" height=\"900\" data-id=\"419\" data-src=\"https:\/\/crveni-kriz-delnice.hr\/wp-content\/uploads\/2022\/08\/IMG-97e188e96d5211466bb20517c7b3289c-V.jpg\" alt=\"\" class=\"wp-image-419 lazyload\" src=\"data:image\/svg+xml;base64,PHN2ZyB3aWR0aD0iMSIgaGVpZ2h0PSIxIiB4bWxucz0iaHR0cDovL3d3dy53My5vcmcvMjAwMC9zdmciPjwvc3ZnPg==\" style=\"--smush-placeholder-width: 1200px; --smush-placeholder-aspect-ratio: 1200\/900;\" \/><\/figure>\n\n\n\n<figure class=\"wp-block-image size-large\"><img decoding=\"async\" width=\"1200\" height=\"900\" data-id=\"420\" data-src=\"https:\/\/crveni-kriz-delnice.hr\/wp-content\/uploads\/2022\/08\/20220816_090839.jpg\" alt=\"\" class=\"wp-image-420 lazyload\" src=\"data:image\/svg+xml;base64,PHN2ZyB3aWR0aD0iMSIgaGVpZ2h0PSIxIiB4bWxucz0iaHR0cDovL3d3dy53My5vcmcvMjAwMC9zdmciPjwvc3ZnPg==\" style=\"--smush-placeholder-width: 1200px; --smush-placeholder-aspect-ratio: 1200\/900;\" \/><\/figure>\n\n\n\n<figure class=\"wp-block-image size-large\"><img decoding=\"async\" width=\"1200\" height=\"900\" data-id=\"422\" data-src=\"https:\/\/crveni-kriz-delnice.hr\/wp-content\/uploads\/2022\/08\/20220816_085905.jpg\" alt=\"\" class=\"wp-image-422 lazyload\" src=\"data:image\/svg+xml;base64,PHN2ZyB3aWR0aD0iMSIgaGVpZ2h0PSIxIiB4bWxucz0iaHR0cDovL3d3dy53My5vcmcvMjAwMC9zdmciPjwvc3ZnPg==\" style=\"--smush-placeholder-width: 1200px; --smush-placeholder-aspect-ratio: 1200\/900;\" \/><\/figure>\n\n\n\n<figure class=\"wp-block-image size-large is-style-default\"><img decoding=\"async\" width=\"1200\" height=\"900\" data-id=\"421\" data-src=\"https:\/\/crveni-kriz-delnice.hr\/wp-content\/uploads\/2022\/08\/20220816_083008.jpg\" alt=\"\" class=\"wp-image-421 lazyload\" src=\"data:image\/svg+xml;base64,PHN2ZyB3aWR0aD0iMSIgaGVpZ2h0PSIxIiB4bWxucz0iaHR0cDovL3d3dy53My5vcmcvMjAwMC9zdmciPjwvc3ZnPg==\" style=\"--smush-placeholder-width: 1200px; --smush-placeholder-aspect-ratio: 1200\/900;\" \/><\/figure>\n<\/figure>\n","protected":false},"excerpt":{"rendered":"<p>Ju\u010der smo zapo\u010deli ljetnu akciju dobrovoljnog darivanja krvi na podru\u010dju sedam jedinica lokalnih samouprava, odnosno na podru\u010dju djelovanja Gradskog dru\u0161tva Crvenog kri\u017ea Delnice. Darivanju krvi pristupila je 111 osoba, 13 \u017eena i 98 mu\u0161karaca iz Grada Delnica, op\u0107ina: Lokava, Fu\u017eina, Mrkoplja, Ravne Gore, Brod Moravica i Skrada . Dalo krv 109 osoba. Ru\u017ei\u0107 Karlo iz [&hellip;]<\/p>\n","protected":false},"author":1,"featured_media":418,"comment_status":"closed","ping_status":"open","sticky":false,"template":"","format":"standard","meta":{"_et_pb_use_builder":"","_et_pb_old_content":"","_et_gb_content_width":"","footnotes":""},"categories":[4],"tags":[],"class_list":["post-416","post","type-post","status-publish","format-standard","has-post-thumbnail","hentry","category-vijesti"],"_links":{"self":[{"href":"https:\/\/crveni-kriz-delnice.hr\/index.php\/wp-json\/wp\/v2\/posts\/416","targetHints":{"allow":["GET"]}}],"collection":[{"href":"https:\/\/crveni-kriz-delnice.hr\/index.php\/wp-json\/wp\/v2\/posts"}],"about":[{"href":"https:\/\/crveni-kriz-delnice.hr\/index.php\/wp-json\/wp\/v2\/types\/post"}],"author":[{"embeddable":true,"href":"https:\/\/crveni-kriz-delnice.hr\/index.php\/wp-json\/wp\/v2\/users\/1"}],"replies":[{"embeddable":true,"href":"https:\/\/crveni-kriz-delnice.hr\/index.php\/wp-json\/wp\/v2\/comments?post=416"}],"version-history":[{"count":1,"href":"https:\/\/crveni-kriz-delnice.hr\/index.php\/wp-json\/wp\/v2\/posts\/416\/revisions"}],"predecessor-version":[{"id":423,"href":"https:\/\/crveni-kriz-delnice.hr\/index.php\/wp-json\/wp\/v2\/posts\/416\/revisions\/423"}],"wp:featuredmedia":[{"embeddable":true,"href":"https:\/\/crveni-kriz-delnice.hr\/index.php\/wp-json\/wp\/v2\/media\/418"}],"wp:attachment":[{"href":"https:\/\/crveni-kriz-delnice.hr\/index.php\/wp-json\/wp\/v2\/media?parent=416"}],"wp:term":[{"taxonomy":"category","embeddable":true,"href":"https:\/\/crveni-kriz-delnice.hr\/index.php\/wp-json\/wp\/v2\/categories?post=416"},{"taxonomy":"post_tag","embeddable":true,"href":"https:\/\/crveni-kriz-delnice.hr\/index.php\/wp-json\/wp\/v2\/tags?post=416"}],"curies":[{"name":"wp","href":"https:\/\/api.w.org\/{rel}","templated":true}]}}