{"id":2563,"date":"2026-09-03T07:56:37","date_gmt":"2026-09-03T07:56:37","guid":{"rendered":"https:\/\/crveni-kriz-delnice.hr\/?p=2563"},"modified":"2026-09-03T07:56:38","modified_gmt":"2026-09-03T07:56:38","slug":"natjecaj-za-izbor-ravnatelja-ice-hrvatskog-crvenog-kriza-gradskog-drustva-crvenog-krizadelnice-na-mandatno-razdoblje-od-4-godine-s-mogucnoscu-ponovnog-izbora","status":"publish","type":"post","link":"https:\/\/crveni-kriz-delnice.hr\/index.php\/natjecaj-za-izbor-ravnatelja-ice-hrvatskog-crvenog-kriza-gradskog-drustva-crvenog-krizadelnice-na-mandatno-razdoblje-od-4-godine-s-mogucnoscu-ponovnog-izbora\/","title":{"rendered":"NATJE\u010cAJ za izbor ravnatelja\/ice Hrvatskog Crvenog kri\u017ea Gradskog dru\u0161tva Crvenog kri\u017eaDelnice na mandatno razdoblje od 4 godine, s mogu\u0107no\u0161\u0107u ponovnog izbora"},"content":{"rendered":"\n<p class=\"wp-block-paragraph\">Na temelju \u010dlanka 28. i 31. Statuta Hrvatskog Crvenog kri\u017ea &#8211; Gradskog dru\u0161tva Crvenog kri\u017ea Delnica od 28. rujna 2015. godine, Izmjena i dopuna Statuta Hrvatskog Crvenog kri\u017ea &#8211; Gradskog dru\u0161tva Crvenog kri\u017ea Delnice od 18. listopada 2016. godine, I. Izmjena i dopuna Statuta Hrvatskog Crvenog kri\u017ea &#8211; Gradskog dru\u0161tva Crvenog kri\u017ea Delnice od 16. prosinca 2020. godine, II izmjene i dopune Statuta od 17. prosinca 2020. godine te III. Izmjene Statuta Gradskog dru\u0161tva Crvenog kri\u017ea Delnice od 11. studenog 2024., \u010dlanaka 2. i 5. Pravilnika o ravnateljima dru\u0161tava Hrvatskog Crvenog kri\u017ea (KLASA: 230-03\/25-11\/17, URBROJ: 101-03-25-1), i odluke Odbora Hrvatskog Crvenog kri\u017ea &#8211; Gradskog dru\u0161tva Crvenog kri\u017ea Delnice donesene na sjednici odr\u017eanoj 15. srpnja 2026. godine, raspisuje se<\/p>\n\n\n\n<p class=\"has-text-align-center wp-block-paragraph\">NATJE\u010cAJ<br>za izbor ravnatelja\/ice Hrvatskog Crvenog kri\u017ea Gradskog dru\u0161tva Crvenog kri\u017ea Delnice na mandatno razdoblje od 4 godine, s mogu\u0107no\u0161\u0107u ponovnog izbora.<\/p>\n\n\n\n<p class=\"has-text-align-left wp-block-paragraph\">Na natje\u010daj se mogu prijaviti osobe koje ispunjavaju sljede\u0107e uvjete:<br>\u2013 zavr\u0161en preddiplomski i diplomski sveu\u010dili\u0161ni studij ili integrirani preddiplomski i diplomski sveu\u010dili\u0161ni studij ili specijalisti\u010dki diplomski stru\u010dni studij i najmanje tri godine radnog iskustva u propisanoj stru\u010dnoj spremi ili zavr\u0161en preddiplomski stru\u010dni studij i najmanje \u010detiri godine radnog iskustva u propisanoj stru\u010dnoj spremi.<\/p>\n\n\n\n<p class=\"has-text-align-left wp-block-paragraph\">Uz prijavu kandidati su du\u017eni prilo\u017eiti:<\/p>\n\n\n\n<ul class=\"wp-block-list\">\n<li>molbu,<\/li>\n\n\n\n<li>\u017eivotopis<\/li>\n\n\n\n<li>dokaz o stru\u010dnoj spremi (preslika diplome)<\/li>\n\n\n\n<li>dokaz o radnom sta\u017eu (elektroni\u010dki zapis HZMO-a ne starije od \u0161est mjeseci)<\/li>\n\n\n\n<li>uvjerenje da se protiv kandidata ne vodi kazneni postupak (ne starije od \u0161est mjeseci)<\/li>\n\n\n\n<li>motivacijsko pismo<\/li>\n\n\n\n<li>prijedlog programa rada HCK GDCK-a Delnice za mandatno razdoblje.<\/li>\n<\/ul>\n\n\n\n<p class=\"wp-block-paragraph\">U slu\u010daju da se na javni natje\u010daj javlja kandidat koji je ve\u0107 obna\u0161ao du\u017enost ravnatelja, uz dostavu dokaza i dokumentacije kandidat mora dostaviti i:<br>\u2013 potvrdu Sredi\u0161njeg ureda o poha\u0111anju edukacije za ravnatelje iz \u010dlanka 4. stavka 1. Pravilnika o ravnateljima dru\u0161tava Hrvatskog Crvenog kri\u017ea odnosno iz \u010dlanka 4. stavka 2. Pravilnika ako takvu potvrdu ima.<\/p>\n\n\n\n<p class=\"wp-block-paragraph\">Isprave se prila\u017eu u neovjerenim preslikama, a prije izbora kandidat je du\u017ean predo\u010diti izvornike. Mandat ravnatelja\/ice traje \u010detiri godine, a ista osoba mo\u017ee biti ponovno birana na mjesto ravnatelja. Ravnatelja\/icu imenuje Odbor HCK GDCK-a Delnice uz prethodnu suglasnost Glavnog odbora Hrvatskog Crvenog kri\u017ea.<\/p>\n\n\n\n<ul class=\"wp-block-list\">\n<li><a href=\"https:\/\/crveni-kriz-delnice.hr\/wp-content\/uploads\/2026\/09\/NATJECAJ-za-ravnatelja-HCK-GDCK-Delnice.pdf\"><strong>NATJE\u010cAJ za izbor ravnatelja\/ice Hrvatskog Crvenog kri\u017ea Gradskog dru\u0161tva Crvenog kri\u017ea Delnice na mandatno razdoblje od 4 godine, s mogu\u0107no\u0161\u0107u ponovnog izbora &#8211; puni tekst natje\u010daja (.pdf)<\/strong><\/a><\/li>\n<\/ul>\n","protected":false},"excerpt":{"rendered":"<p>Na temelju \u010dlanka 28. i 31. Statuta Hrvatskog Crvenog kri\u017ea &#8211; Gradskog dru\u0161tva Crvenog kri\u017ea Delnica od 28. rujna 2015. godine, Izmjena i dopuna Statuta Hrvatskog Crvenog kri\u017ea &#8211; Gradskog dru\u0161tva Crvenog kri\u017ea Delnice od 18. listopada 2016. godine, I. Izmjena i dopuna Statuta Hrvatskog Crvenog kri\u017ea &#8211; Gradskog dru\u0161tva Crvenog kri\u017ea Delnice od 16. [&hellip;]<\/p>\n","protected":false},"author":1,"featured_media":0,"comment_status":"closed","ping_status":"open","sticky":false,"template":"","format":"standard","meta":{"_et_pb_use_builder":"off","_et_pb_old_content":"","_et_gb_content_width":"","footnotes":""},"categories":[6],"tags":[],"class_list":["post-2563","post","type-post","status-publish","format-standard","hentry","category-natjecaji"],"_links":{"self":[{"href":"https:\/\/crveni-kriz-delnice.hr\/index.php\/wp-json\/wp\/v2\/posts\/2563","targetHints":{"allow":["GET"]}}],"collection":[{"href":"https:\/\/crveni-kriz-delnice.hr\/index.php\/wp-json\/wp\/v2\/posts"}],"about":[{"href":"https:\/\/crveni-kriz-delnice.hr\/index.php\/wp-json\/wp\/v2\/types\/post"}],"author":[{"embeddable":true,"href":"https:\/\/crveni-kriz-delnice.hr\/index.php\/wp-json\/wp\/v2\/users\/1"}],"replies":[{"embeddable":true,"href":"https:\/\/crveni-kriz-delnice.hr\/index.php\/wp-json\/wp\/v2\/comments?post=2563"}],"version-history":[{"count":1,"href":"https:\/\/crveni-kriz-delnice.hr\/index.php\/wp-json\/wp\/v2\/posts\/2563\/revisions"}],"predecessor-version":[{"id":2565,"href":"https:\/\/crveni-kriz-delnice.hr\/index.php\/wp-json\/wp\/v2\/posts\/2563\/revisions\/2565"}],"wp:attachment":[{"href":"https:\/\/crveni-kriz-delnice.hr\/index.php\/wp-json\/wp\/v2\/media?parent=2563"}],"wp:term":[{"taxonomy":"category","embeddable":true,"href":"https:\/\/crveni-kriz-delnice.hr\/index.php\/wp-json\/wp\/v2\/categories?post=2563"},{"taxonomy":"post_tag","embeddable":true,"href":"https:\/\/crveni-kriz-delnice.hr\/index.php\/wp-json\/wp\/v2\/tags?post=2563"}],"curies":[{"name":"wp","href":"https:\/\/api.w.org\/{rel}","templated":true}]}}