{"id":2560,"date":"2026-09-03T07:53:19","date_gmt":"2026-09-03T07:53:19","guid":{"rendered":"https:\/\/crveni-kriz-delnice.hr\/?p=2560"},"modified":"2026-09-03T07:53:21","modified_gmt":"2026-09-03T07:53:21","slug":"javni-poziv-za-zaposljavanje-u-sklopu-projekta-glas-hrabrosti-voditelj-projekta","status":"publish","type":"post","link":"https:\/\/crveni-kriz-delnice.hr\/index.php\/javni-poziv-za-zaposljavanje-u-sklopu-projekta-glas-hrabrosti-voditelj-projekta\/","title":{"rendered":"JAVNI POZIV za zapo\u0161ljavanje u sklopu projekta \u201eGLAS hrabrosti\u201c &#8211; Voditelj projekta"},"content":{"rendered":"\n<p class=\"wp-block-paragraph\">Na temelju odredbe \u010dlanka 31. Statuta Hrvatskog Crvenog kri\u017ea Gradskog dru\u0161tva Crvenog kri\u017ea Delnice, a u skladu s Odlukom o raspodjeli financijskih sredstava za provedbu prve godine trogodi\u0161njih programa pod nazivom \u201eRazvoj i \u0161irenje mre\u017ee socijalnih usluga za razdoblje 2026. do 2029.\u201c Ministarstva rada, mirovinskog sustava, obitelji i socijalne politike KLASA: 402-03\/26-02\/01<br>URBROJ: 524-07-03-01\/5-26-19 od 04. kolovoza 2026., ravnateljica Hrvatskog Crvenog kri\u017ea Gradskog dru\u0161tva Crvenog kri\u017ea Delnice objavljuje<\/p>\n\n\n\n<p class=\"has-text-align-center wp-block-paragraph\">JAVNI POZIV<br>za zapo\u0161ljavanje u sklopu projekta \u201eGLAS hrabrosti\u201c<\/p>\n\n\n\n<p class=\"wp-block-paragraph\">Predmet Javnog poziva:<br>Raspisuje se Javni poziv za prijem u radni odnos na odre\u0111eno vrijeme na radno mjesto Voditelj projekta u HCK Gradskom dru\u0161tvu Crvenog kri\u017ea Delnice (HCK GCK Delnice) za potrebe provedbe aktivnosti u sklopu Projekta \u201eGLAS hrabrosti\u201c<\/p>\n\n\n\n<p class=\"wp-block-paragraph\">Naziv radnog mjesta: Voditelj projekta<br>Broj tra\u017eenih radnika\/radnica: 1<\/p>\n\n\n\n<p class=\"wp-block-paragraph\">Vrsta zaposlenja:<\/p>\n\n\n\n<ul class=\"wp-block-list\">\n<li>radni odnos na odre\u0111eno vrijeme \u2013 do 31.svibnja 2026.<\/li>\n\n\n\n<li>Radno vrijeme: puno radno vrijeme<\/li>\n\n\n\n<li>Mjesto rada: Grad Delnice<\/li>\n\n\n\n<li>Razina obrazovanja: Visoka stru\u010dna sprema iz podru\u010dja dru\u0161tvenih djelatnosti<\/li>\n\n\n\n<li>Radno iskustvo: nije potrebno<\/li>\n<\/ul>\n\n\n\n<ul class=\"wp-block-list\">\n<li><a href=\"https:\/\/crveni-kriz-delnice.hr\/wp-content\/uploads\/2026\/09\/01_javni-poziv-za-zaposljavanje-Voditelj-projekta.pdf\"><strong>Javni poziv za prijem u radni odnos na odre\u0111eno vrijeme na radno mjesto Voditelj projekta u HCK Gradskom dru\u0161tvu Crvenog kri\u017ea Delnice (HCK GCK Delnice) za potrebe provedbe aktivnosti u sklopu Projekta \u201eGLAS hrabrosti\u201c &#8211; puni tekst natje\u010daja (.pdf)<\/strong><\/a><\/li>\n<\/ul>\n","protected":false},"excerpt":{"rendered":"<p>Na temelju odredbe \u010dlanka 31. Statuta Hrvatskog Crvenog kri\u017ea Gradskog dru\u0161tva Crvenog kri\u017ea Delnice, a u skladu s Odlukom o raspodjeli financijskih sredstava za provedbu prve godine trogodi\u0161njih programa pod nazivom \u201eRazvoj i \u0161irenje mre\u017ee socijalnih usluga za razdoblje 2026. do 2029.\u201c Ministarstva rada, mirovinskog sustava, obitelji i socijalne politike KLASA: 402-03\/26-02\/01URBROJ: 524-07-03-01\/5-26-19 od 04. [&hellip;]<\/p>\n","protected":false},"author":1,"featured_media":0,"comment_status":"closed","ping_status":"open","sticky":false,"template":"","format":"standard","meta":{"_et_pb_use_builder":"off","_et_pb_old_content":"","_et_gb_content_width":"","footnotes":""},"categories":[6],"tags":[],"class_list":["post-2560","post","type-post","status-publish","format-standard","hentry","category-natjecaji"],"_links":{"self":[{"href":"https:\/\/crveni-kriz-delnice.hr\/index.php\/wp-json\/wp\/v2\/posts\/2560","targetHints":{"allow":["GET"]}}],"collection":[{"href":"https:\/\/crveni-kriz-delnice.hr\/index.php\/wp-json\/wp\/v2\/posts"}],"about":[{"href":"https:\/\/crveni-kriz-delnice.hr\/index.php\/wp-json\/wp\/v2\/types\/post"}],"author":[{"embeddable":true,"href":"https:\/\/crveni-kriz-delnice.hr\/index.php\/wp-json\/wp\/v2\/users\/1"}],"replies":[{"embeddable":true,"href":"https:\/\/crveni-kriz-delnice.hr\/index.php\/wp-json\/wp\/v2\/comments?post=2560"}],"version-history":[{"count":1,"href":"https:\/\/crveni-kriz-delnice.hr\/index.php\/wp-json\/wp\/v2\/posts\/2560\/revisions"}],"predecessor-version":[{"id":2562,"href":"https:\/\/crveni-kriz-delnice.hr\/index.php\/wp-json\/wp\/v2\/posts\/2560\/revisions\/2562"}],"wp:attachment":[{"href":"https:\/\/crveni-kriz-delnice.hr\/index.php\/wp-json\/wp\/v2\/media?parent=2560"}],"wp:term":[{"taxonomy":"category","embeddable":true,"href":"https:\/\/crveni-kriz-delnice.hr\/index.php\/wp-json\/wp\/v2\/categories?post=2560"},{"taxonomy":"post_tag","embeddable":true,"href":"https:\/\/crveni-kriz-delnice.hr\/index.php\/wp-json\/wp\/v2\/tags?post=2560"}],"curies":[{"name":"wp","href":"https:\/\/api.w.org\/{rel}","templated":true}]}}