{"id":2339,"date":"2025-12-29T12:28:55","date_gmt":"2025-12-29T12:28:55","guid":{"rendered":"https:\/\/crveni-kriz-delnice.hr\/?p=2339"},"modified":"2026-01-30T12:48:33","modified_gmt":"2026-01-30T12:48:33","slug":"zasto-da-volontiramo-zajedno-sto-je-flash-mob","status":"publish","type":"post","link":"https:\/\/crveni-kriz-delnice.hr\/index.php\/zasto-da-volontiramo-zajedno-sto-je-flash-mob\/","title":{"rendered":"Za\u0161to da Volontiramo zajedno? \u0160to je Flash mob?"},"content":{"rendered":"\n<p>Javnost je dobila odgovore na Trgu 138. brigade u Delnicama.<\/p>\n\n\n\n<p>Volonteri i u\u010denici Srednje \u0161kole Delnice i O\u0160 Frana Krste Frankopana prezentirali su i promovirali Gorski kotar, na\u0161u kulturu, \u0161kole, a i Crveni kri\u017e koji razli\u010ditim aktivnostima i prijedlozima poti\u010de gra\u0111ane da aktivno djeluju u cilju podizanja kvalitete \u017eivota gra\u0111ana u na\u0161em kraju.<\/p>\n\n\n\n<p>Prezentirali smo rad Gradskog dru\u0161tva Crvenog kri\u017ea Delnice u pet tematskih fotografija, ledenih \u017eivih slika. Obra\u0111ene su teme koje su specifi\u010dne za rad GDCK Delnice, a to su:<\/p>\n\n\n\n<ul class=\"wp-block-list\">\n<li>Prva pomo\u0107,<\/li>\n\n\n\n<li>Humanitarni rad,<\/li>\n\n\n\n<li>Dobrovoljno darivanje krvi,<\/li>\n\n\n\n<li>Savjetovali\u0161te IZVOR,<\/li>\n\n\n\n<li>Volontiranje<\/li>\n<\/ul>\n\n\n\n<p>Izradili smo majice na kojima je tekst, odnosno poruka gra\u0111anima. Ledene slike zami\u0161ljene su s rekvizitima, tiskanim majicama, za svaku temu posebno u pratnji glazbe. Volonteri su nosili sukladno temi, zauzeli su pozu, nosili majice s tekstom, pokretima, izrazom lica (odra\u017eavanjem emocija), obra\u0107ali se gra\u0111anima. Slike su se izmjenjivale slijede\u0107i kronolo\u0161ki red aktivnosti GDCK Delnice. Volonteri su odigrali vjerno svoje uloge temeljito. Tijekom postavljanja slika, pjevala se pjesma \u201eNeka cijeli ovaj svijet\u201c iz mjuzikla Jalta Jalta.<\/p>\n\n\n\n<p>Zahvaljujemo se Primorsko \u2013 goranskoj \u017eupaniji i H\u0160 Upravi \u0161uma Delnice, na\u0161im sponzorima \/donatorima \u0161to su nam pomogli u ovoj manifestaciji.<\/p>\n\n\n\n<figure class=\"wp-block-gallery has-nested-images columns-default is-cropped wp-block-gallery-1 is-layout-flex wp-block-gallery-is-layout-flex\">\n<figure class=\"wp-block-image size-large\"><img decoding=\"async\" width=\"1200\" height=\"800\" data-id=\"2345\" data-src=\"https:\/\/crveni-kriz-delnice.hr\/wp-content\/uploads\/2026\/01\/majice_web.jpg\" alt=\"\" class=\"wp-image-2345 lazyload\" src=\"data:image\/svg+xml;base64,PHN2ZyB3aWR0aD0iMSIgaGVpZ2h0PSIxIiB4bWxucz0iaHR0cDovL3d3dy53My5vcmcvMjAwMC9zdmciPjwvc3ZnPg==\" style=\"--smush-placeholder-width: 1200px; --smush-placeholder-aspect-ratio: 1200\/800;\" \/><\/figure>\n\n\n\n<figure class=\"wp-block-image size-large\"><img decoding=\"async\" width=\"1240\" height=\"1754\" data-id=\"2341\" data-src=\"https:\/\/crveni-kriz-delnice.hr\/wp-content\/uploads\/2026\/01\/CK_zahvalnice-_2026_web2.jpg\" alt=\"\" class=\"wp-image-2341 lazyload\" src=\"data:image\/svg+xml;base64,PHN2ZyB3aWR0aD0iMSIgaGVpZ2h0PSIxIiB4bWxucz0iaHR0cDovL3d3dy53My5vcmcvMjAwMC9zdmciPjwvc3ZnPg==\" style=\"--smush-placeholder-width: 1240px; --smush-placeholder-aspect-ratio: 1240\/1754;\" \/><\/figure>\n\n\n\n<figure class=\"wp-block-image size-large\"><img decoding=\"async\" width=\"1240\" height=\"1754\" data-id=\"2340\" data-src=\"https:\/\/crveni-kriz-delnice.hr\/wp-content\/uploads\/2026\/01\/CK_zahvalnice-_2026_web.jpg\" alt=\"\" class=\"wp-image-2340 lazyload\" src=\"data:image\/svg+xml;base64,PHN2ZyB3aWR0aD0iMSIgaGVpZ2h0PSIxIiB4bWxucz0iaHR0cDovL3d3dy53My5vcmcvMjAwMC9zdmciPjwvc3ZnPg==\" style=\"--smush-placeholder-width: 1240px; --smush-placeholder-aspect-ratio: 1240\/1754;\" \/><\/figure>\n<\/figure>\n","protected":false},"excerpt":{"rendered":"<p>Javnost je dobila odgovore na Trgu 138. brigade u Delnicama. Volonteri i u\u010denici Srednje \u0161kole Delnice i O\u0160 Frana Krste Frankopana prezentirali su i promovirali Gorski kotar, na\u0161u kulturu, \u0161kole, a i Crveni kri\u017e koji razli\u010ditim aktivnostima i prijedlozima poti\u010de gra\u0111ane da aktivno djeluju u cilju podizanja kvalitete \u017eivota gra\u0111ana u na\u0161em kraju. Prezentirali smo [&hellip;]<\/p>\n","protected":false},"author":1,"featured_media":2346,"comment_status":"closed","ping_status":"open","sticky":false,"template":"","format":"standard","meta":{"_et_pb_use_builder":"off","_et_pb_old_content":"","_et_gb_content_width":"","footnotes":""},"categories":[4],"tags":[],"class_list":["post-2339","post","type-post","status-publish","format-standard","has-post-thumbnail","hentry","category-vijesti"],"_links":{"self":[{"href":"https:\/\/crveni-kriz-delnice.hr\/index.php\/wp-json\/wp\/v2\/posts\/2339","targetHints":{"allow":["GET"]}}],"collection":[{"href":"https:\/\/crveni-kriz-delnice.hr\/index.php\/wp-json\/wp\/v2\/posts"}],"about":[{"href":"https:\/\/crveni-kriz-delnice.hr\/index.php\/wp-json\/wp\/v2\/types\/post"}],"author":[{"embeddable":true,"href":"https:\/\/crveni-kriz-delnice.hr\/index.php\/wp-json\/wp\/v2\/users\/1"}],"replies":[{"embeddable":true,"href":"https:\/\/crveni-kriz-delnice.hr\/index.php\/wp-json\/wp\/v2\/comments?post=2339"}],"version-history":[{"count":2,"href":"https:\/\/crveni-kriz-delnice.hr\/index.php\/wp-json\/wp\/v2\/posts\/2339\/revisions"}],"predecessor-version":[{"id":2347,"href":"https:\/\/crveni-kriz-delnice.hr\/index.php\/wp-json\/wp\/v2\/posts\/2339\/revisions\/2347"}],"wp:featuredmedia":[{"embeddable":true,"href":"https:\/\/crveni-kriz-delnice.hr\/index.php\/wp-json\/wp\/v2\/media\/2346"}],"wp:attachment":[{"href":"https:\/\/crveni-kriz-delnice.hr\/index.php\/wp-json\/wp\/v2\/media?parent=2339"}],"wp:term":[{"taxonomy":"category","embeddable":true,"href":"https:\/\/crveni-kriz-delnice.hr\/index.php\/wp-json\/wp\/v2\/categories?post=2339"},{"taxonomy":"post_tag","embeddable":true,"href":"https:\/\/crveni-kriz-delnice.hr\/index.php\/wp-json\/wp\/v2\/tags?post=2339"}],"curies":[{"name":"wp","href":"https:\/\/api.w.org\/{rel}","templated":true}]}}