{"id":2295,"date":"2025-07-10T16:12:00","date_gmt":"2025-07-10T16:12:00","guid":{"rendered":"https:\/\/crveni-kriz-delnice.hr\/?p=2295"},"modified":"2025-12-17T16:13:28","modified_gmt":"2025-12-17T16:13:28","slug":"goranima-pokazali-kako-smanjiti-obiteljsko-nasilje-i-zajedno-raditi-na-svim-aspektima-zdravlja","status":"publish","type":"post","link":"https:\/\/crveni-kriz-delnice.hr\/index.php\/goranima-pokazali-kako-smanjiti-obiteljsko-nasilje-i-zajedno-raditi-na-svim-aspektima-zdravlja\/","title":{"rendered":"Goranima pokazali kako smanjiti obiteljsko nasilje i zajedno raditi na svim aspektima zdravlja"},"content":{"rendered":"\n<p>Kako smanjiti koli\u010dinu obiteljskog nasilja te zajedno raditi na svim aspektima zdravlja, fizi\u010dkog i mentalnog, pokazalo je danas na Trgu 138. brigade HV-a Goranima i njihovom gostima desetak udruga s podru\u010dja Gorskog kotara i ostalih dijelova Primorsko-goranske \u017eupanije.<\/p>\n\n\n\n<p>Ovaj zanimljiv edukativno-zabavni skup bio je, u stvari, spoj dviju priredaba. Pod nazivom \u201cStop obiteljskom nasilju\u201d govorilo se o toj tamnoj strani obiteljskog \u017eivota, a kroz manifestaciju \u201cZajedno do zdravlja\u201d predstavljene su razne mogu\u0107nosti pobolj\u0161anja i o\u010duvanja zdravlja, kako fizi\u010dkog tako i mentalnog.<\/p>\n\n\n\n<p>Manifestaciju \u201cStop obiteljskom nasilju\u201d organiziralo je Gradsko dru\u0161tvo Crvenog kri\u017ea Delnice, a provedena je u sklopu projekta \u201cMo\u017eemo li u\u010diniti ne\u0161to za \u017ertve nasilja u obitelji? \u2013 MO\u017dEMO! II\u201d koji je financiran sredstvima Ministarstva rada i mirovinskoga sustava, obitelji i socijalne politike i u kojem je Grad Delnice partner.<\/p>\n\n\n\n<p>Priredba \u201cZajedno do zdravlja\u201d, koja je u Delnicama predstavljena u suradnji s Udrugom Vida iz Rijeke, odr\u017eana je u okviru provedbe programa \u201cZoja-zajednicom do zdravlja\u201d financiranog od Ministarstva zdravstva i projekta \u201cBoje zdravlja\u201d financiranog od Upravnog odjela za zdravstvo PG\u017d.<\/p>\n\n\n\n<p>Spoj dviju tema, rekla nam je Snje\u017eana Krizmani\u0107, ravnateljica GO CK Delnice, logi\u010dan je s obzirom na zajedni\u010dki cilj, a to je razviti samostalnog i zdravog \u010dlana lokalne zajednice koji \u0107e doprinijeti ne samo vlastitom napretku, ve\u0107 utjecati i na boljitak zajednice u kojoj \u017eivi.<\/p>\n\n\n\n<p>Vi\u0161e:<br><a href=\"https:\/\/www.novilist.hr\/rijeka-regija\/gorski-kotar\/goranima-pokazali-kako-smanjiti-obiteljsko-nasilje-i-zajedno-raditi-na-svim-aspektima-zdravlja\/\">https:\/\/www.novilist.hr\/rijeka-regija\/gorski-kotar\/goranima-pokazali-kako-smanjiti-obiteljsko-nasilje-i-zajedno-raditi-na-svim-aspektima-zdravlja\/<\/a><\/p>\n","protected":false},"excerpt":{"rendered":"<p>Kako smanjiti koli\u010dinu obiteljskog nasilja te zajedno raditi na svim aspektima zdravlja, fizi\u010dkog i mentalnog, pokazalo je danas na Trgu 138. brigade HV-a Goranima i njihovom gostima desetak udruga s podru\u010dja Gorskog kotara i ostalih dijelova Primorsko-goranske \u017eupanije. Ovaj zanimljiv edukativno-zabavni skup bio je, u stvari, spoj dviju priredaba. Pod nazivom \u201cStop obiteljskom nasilju\u201d govorilo [&hellip;]<\/p>\n","protected":false},"author":1,"featured_media":2296,"comment_status":"closed","ping_status":"open","sticky":false,"template":"","format":"standard","meta":{"_et_pb_use_builder":"off","_et_pb_old_content":"","_et_gb_content_width":"","footnotes":""},"categories":[9],"tags":[],"class_list":["post-2295","post","type-post","status-publish","format-standard","has-post-thumbnail","hentry","category-mozemo"],"_links":{"self":[{"href":"https:\/\/crveni-kriz-delnice.hr\/index.php\/wp-json\/wp\/v2\/posts\/2295","targetHints":{"allow":["GET"]}}],"collection":[{"href":"https:\/\/crveni-kriz-delnice.hr\/index.php\/wp-json\/wp\/v2\/posts"}],"about":[{"href":"https:\/\/crveni-kriz-delnice.hr\/index.php\/wp-json\/wp\/v2\/types\/post"}],"author":[{"embeddable":true,"href":"https:\/\/crveni-kriz-delnice.hr\/index.php\/wp-json\/wp\/v2\/users\/1"}],"replies":[{"embeddable":true,"href":"https:\/\/crveni-kriz-delnice.hr\/index.php\/wp-json\/wp\/v2\/comments?post=2295"}],"version-history":[{"count":1,"href":"https:\/\/crveni-kriz-delnice.hr\/index.php\/wp-json\/wp\/v2\/posts\/2295\/revisions"}],"predecessor-version":[{"id":2297,"href":"https:\/\/crveni-kriz-delnice.hr\/index.php\/wp-json\/wp\/v2\/posts\/2295\/revisions\/2297"}],"wp:featuredmedia":[{"embeddable":true,"href":"https:\/\/crveni-kriz-delnice.hr\/index.php\/wp-json\/wp\/v2\/media\/2296"}],"wp:attachment":[{"href":"https:\/\/crveni-kriz-delnice.hr\/index.php\/wp-json\/wp\/v2\/media?parent=2295"}],"wp:term":[{"taxonomy":"category","embeddable":true,"href":"https:\/\/crveni-kriz-delnice.hr\/index.php\/wp-json\/wp\/v2\/categories?post=2295"},{"taxonomy":"post_tag","embeddable":true,"href":"https:\/\/crveni-kriz-delnice.hr\/index.php\/wp-json\/wp\/v2\/tags?post=2295"}],"curies":[{"name":"wp","href":"https:\/\/api.w.org\/{rel}","templated":true}]}}