{"id":2285,"date":"2025-09-26T16:07:00","date_gmt":"2025-09-26T16:07:00","guid":{"rendered":"https:\/\/crveni-kriz-delnice.hr\/?p=2285"},"modified":"2025-12-17T16:09:28","modified_gmt":"2025-12-17T16:09:28","slug":"odgovorno-roditeljstvo-os-dr-branimira-markovica-u-ravnoj-gori-te-u-djecjem-vrticu-snjezna-pahulja-u-fuzinama","status":"publish","type":"post","link":"https:\/\/crveni-kriz-delnice.hr\/index.php\/odgovorno-roditeljstvo-os-dr-branimira-markovica-u-ravnoj-gori-te-u-djecjem-vrticu-snjezna-pahulja-u-fuzinama\/","title":{"rendered":"Odgovorno roditeljstvo \u2013 O\u0160 dr. Branimira Markovi\u0107a u Ravnoj Gori te u Dje\u010djem vrti\u0107u Snje\u017ena pahulja u Fu\u017einama"},"content":{"rendered":"\n<p>Ju\u010der smo odr\u017eali dvije radionice podr\u0161ke roditeljima na temu odgovornog roditeljstva \u2013 u O\u0160 dr. Branimira Markovi\u0107a u Ravnoj Gori te u Dje\u010djem vrti\u0107u Snje\u017ena pahulja u Fu\u017einama.<\/p>\n\n\n\n<p>Radionice su s puno entuzijazma i znanja vodile na\u0161e volonterke Tanja Jakovac i Ksenija Petelin, a sve u sklopu provedbe projekta &#8220;\u010carolija roditelja 2&#8221;, financiranog sredstvima Ministarstva demografije i useljeni\u0161tva.<\/p>\n\n\n\n<p>Hvala svim roditeljima koji su sudjelovali \u2013 zajedno gradimo podr\u017eavaju\u0107e i odgovorno roditeljstvo!<\/p>\n\n\n\n<figure class=\"wp-block-gallery has-nested-images columns-default is-cropped wp-block-gallery-1 is-layout-flex wp-block-gallery-is-layout-flex\">\n<figure class=\"wp-block-image size-large\"><img decoding=\"async\" width=\"1600\" height=\"1200\" data-id=\"2286\" data-src=\"https:\/\/crveni-kriz-delnice.hr\/wp-content\/uploads\/2025\/12\/555108916_122177318414542096_9156467975382813963_n.jpg\" alt=\"\" class=\"wp-image-2286 lazyload\" src=\"data:image\/svg+xml;base64,PHN2ZyB3aWR0aD0iMSIgaGVpZ2h0PSIxIiB4bWxucz0iaHR0cDovL3d3dy53My5vcmcvMjAwMC9zdmciPjwvc3ZnPg==\" style=\"--smush-placeholder-width: 1600px; --smush-placeholder-aspect-ratio: 1600\/1200;\" \/><\/figure>\n\n\n\n<figure class=\"wp-block-image size-large\"><img decoding=\"async\" width=\"1600\" height=\"1200\" data-id=\"2287\" data-src=\"https:\/\/crveni-kriz-delnice.hr\/wp-content\/uploads\/2025\/12\/555568239_122177318456542096_226264576391017842_n.jpg\" alt=\"\" class=\"wp-image-2287 lazyload\" src=\"data:image\/svg+xml;base64,PHN2ZyB3aWR0aD0iMSIgaGVpZ2h0PSIxIiB4bWxucz0iaHR0cDovL3d3dy53My5vcmcvMjAwMC9zdmciPjwvc3ZnPg==\" style=\"--smush-placeholder-width: 1600px; --smush-placeholder-aspect-ratio: 1600\/1200;\" \/><\/figure>\n<\/figure>\n","protected":false},"excerpt":{"rendered":"<p>Ju\u010der smo odr\u017eali dvije radionice podr\u0161ke roditeljima na temu odgovornog roditeljstva \u2013 u O\u0160 dr. Branimira Markovi\u0107a u Ravnoj Gori te u Dje\u010djem vrti\u0107u Snje\u017ena pahulja u Fu\u017einama. Radionice su s puno entuzijazma i znanja vodile na\u0161e volonterke Tanja Jakovac i Ksenija Petelin, a sve u sklopu provedbe projekta &#8220;\u010carolija roditelja 2&#8221;, financiranog sredstvima Ministarstva [&hellip;]<\/p>\n","protected":false},"author":1,"featured_media":2286,"comment_status":"closed","ping_status":"open","sticky":false,"template":"","format":"standard","meta":{"_et_pb_use_builder":"off","_et_pb_old_content":"","_et_gb_content_width":"","footnotes":""},"categories":[8],"tags":[],"class_list":["post-2285","post","type-post","status-publish","format-standard","has-post-thumbnail","hentry","category-carolija-roditelja"],"_links":{"self":[{"href":"https:\/\/crveni-kriz-delnice.hr\/index.php\/wp-json\/wp\/v2\/posts\/2285","targetHints":{"allow":["GET"]}}],"collection":[{"href":"https:\/\/crveni-kriz-delnice.hr\/index.php\/wp-json\/wp\/v2\/posts"}],"about":[{"href":"https:\/\/crveni-kriz-delnice.hr\/index.php\/wp-json\/wp\/v2\/types\/post"}],"author":[{"embeddable":true,"href":"https:\/\/crveni-kriz-delnice.hr\/index.php\/wp-json\/wp\/v2\/users\/1"}],"replies":[{"embeddable":true,"href":"https:\/\/crveni-kriz-delnice.hr\/index.php\/wp-json\/wp\/v2\/comments?post=2285"}],"version-history":[{"count":1,"href":"https:\/\/crveni-kriz-delnice.hr\/index.php\/wp-json\/wp\/v2\/posts\/2285\/revisions"}],"predecessor-version":[{"id":2288,"href":"https:\/\/crveni-kriz-delnice.hr\/index.php\/wp-json\/wp\/v2\/posts\/2285\/revisions\/2288"}],"wp:featuredmedia":[{"embeddable":true,"href":"https:\/\/crveni-kriz-delnice.hr\/index.php\/wp-json\/wp\/v2\/media\/2286"}],"wp:attachment":[{"href":"https:\/\/crveni-kriz-delnice.hr\/index.php\/wp-json\/wp\/v2\/media?parent=2285"}],"wp:term":[{"taxonomy":"category","embeddable":true,"href":"https:\/\/crveni-kriz-delnice.hr\/index.php\/wp-json\/wp\/v2\/categories?post=2285"},{"taxonomy":"post_tag","embeddable":true,"href":"https:\/\/crveni-kriz-delnice.hr\/index.php\/wp-json\/wp\/v2\/tags?post=2285"}],"curies":[{"name":"wp","href":"https:\/\/api.w.org\/{rel}","templated":true}]}}