{"id":2240,"date":"2025-03-04T15:51:00","date_gmt":"2025-03-04T15:51:00","guid":{"rendered":"https:\/\/crveni-kriz-delnice.hr\/?p=2240"},"modified":"2025-12-17T15:52:29","modified_gmt":"2025-12-17T15:52:29","slug":"kako-balansirati-i-uskladiti-poslovne-obaveze-i-obiteljski-zivot","status":"publish","type":"post","link":"https:\/\/crveni-kriz-delnice.hr\/index.php\/kako-balansirati-i-uskladiti-poslovne-obaveze-i-obiteljski-zivot\/","title":{"rendered":"Kako balansirati i uskladiti poslovne obaveze i obiteljski \u017eivot?"},"content":{"rendered":"\n<p>Kako balansirati i uskladiti poslovne obaveze i obiteljski \u017eivot? Kako pobolj\u0161ati odnose unutar obitelji? <\/p>\n\n\n\n<p>Koja je tajna formula \u010darolije roditelja nedavno su saznali roditelji u\u010denika O\u0160 Ravne Gore u sklopu provedbe projekta \u201e\u010carolija roditelja II- Savjetovali\u0161te IZVOR\u201c financiran sredstvima Ministarstva demografije i useljeni\u0161tva.<\/p>\n\n\n\n<p>Vi\u0161e:<br><a href=\"https:\/\/www.facebook.com\/61566262906652\/videos\/kako-balansirati-i-uskladiti-poslovne-obaveze-i-obiteljski-%C5%BEivot-kako-pobolj%C5%A1ati\/629466569848876\">https:\/\/www.facebook.com\/61566262906652\/videos\/kako-balansirati-i-uskladiti-poslovne-obaveze-i-obiteljski-%C5%BEivot-kako-pobolj%C5%A1ati\/629466569848876<\/a><\/p>\n","protected":false},"excerpt":{"rendered":"<p>Kako balansirati i uskladiti poslovne obaveze i obiteljski \u017eivot? Kako pobolj\u0161ati odnose unutar obitelji? Koja je tajna formula \u010darolije roditelja nedavno su saznali roditelji u\u010denika O\u0160 Ravne Gore u sklopu provedbe projekta \u201e\u010carolija roditelja II- Savjetovali\u0161te IZVOR\u201c financiran sredstvima Ministarstva demografije i useljeni\u0161tva. Vi\u0161e:https:\/\/www.facebook.com\/61566262906652\/videos\/kako-balansirati-i-uskladiti-poslovne-obaveze-i-obiteljski-%C5%BEivot-kako-pobolj%C5%A1ati\/629466569848876<\/p>\n","protected":false},"author":1,"featured_media":0,"comment_status":"closed","ping_status":"open","sticky":false,"template":"","format":"standard","meta":{"_et_pb_use_builder":"off","_et_pb_old_content":"","_et_gb_content_width":"","footnotes":""},"categories":[8],"tags":[],"class_list":["post-2240","post","type-post","status-publish","format-standard","hentry","category-carolija-roditelja"],"_links":{"self":[{"href":"https:\/\/crveni-kriz-delnice.hr\/index.php\/wp-json\/wp\/v2\/posts\/2240","targetHints":{"allow":["GET"]}}],"collection":[{"href":"https:\/\/crveni-kriz-delnice.hr\/index.php\/wp-json\/wp\/v2\/posts"}],"about":[{"href":"https:\/\/crveni-kriz-delnice.hr\/index.php\/wp-json\/wp\/v2\/types\/post"}],"author":[{"embeddable":true,"href":"https:\/\/crveni-kriz-delnice.hr\/index.php\/wp-json\/wp\/v2\/users\/1"}],"replies":[{"embeddable":true,"href":"https:\/\/crveni-kriz-delnice.hr\/index.php\/wp-json\/wp\/v2\/comments?post=2240"}],"version-history":[{"count":1,"href":"https:\/\/crveni-kriz-delnice.hr\/index.php\/wp-json\/wp\/v2\/posts\/2240\/revisions"}],"predecessor-version":[{"id":2241,"href":"https:\/\/crveni-kriz-delnice.hr\/index.php\/wp-json\/wp\/v2\/posts\/2240\/revisions\/2241"}],"wp:attachment":[{"href":"https:\/\/crveni-kriz-delnice.hr\/index.php\/wp-json\/wp\/v2\/media?parent=2240"}],"wp:term":[{"taxonomy":"category","embeddable":true,"href":"https:\/\/crveni-kriz-delnice.hr\/index.php\/wp-json\/wp\/v2\/categories?post=2240"},{"taxonomy":"post_tag","embeddable":true,"href":"https:\/\/crveni-kriz-delnice.hr\/index.php\/wp-json\/wp\/v2\/tags?post=2240"}],"curies":[{"name":"wp","href":"https:\/\/api.w.org\/{rel}","templated":true}]}}