{"id":2237,"date":"2025-12-13T15:48:02","date_gmt":"2025-12-13T15:48:02","guid":{"rendered":"https:\/\/crveni-kriz-delnice.hr\/?p=2237"},"modified":"2025-12-17T15:49:33","modified_gmt":"2025-12-17T15:49:33","slug":"delnicki-srednjoskolci-u-selu-bake-mraz-u-humanitarnoj-akciji-za-pomoc-obiteljima-u-nevolji","status":"publish","type":"post","link":"https:\/\/crveni-kriz-delnice.hr\/index.php\/delnicki-srednjoskolci-u-selu-bake-mraz-u-humanitarnoj-akciji-za-pomoc-obiteljima-u-nevolji\/","title":{"rendered":"Delni\u010dki srednjo\u0161kolci u Selu bake mraz u humanitarnoj akciji za pomo\u0107 obiteljima u nevolji"},"content":{"rendered":"\n<p>Delni\u010dku adventsku bajku i Selo Bake Mraz pa\u017enje vrijednom humanitarnom akcijom krase u\u010denici Srednje \u0161kole Delnice.<\/p>\n\n\n\n<p>Rije\u010d je o akciji pod nazivom \u201cNe\u0161to za tebe, ne\u0161to za mene\u201d, a realizira se kroz prodaju tzv. second hand odje\u0107e koju su delni\u010dki gimnazijalci i srednjo\u0161kolci nabavili prethodnih tjedana.<\/p>\n\n\n\n<p>Cjelokupna zarada ostvarena prodajom vrlo kvalitetne odje\u0107e po vrlo povoljnim cijenama namijenjena je humanitarnoj pomo\u0107i jednoj delni\u010dkoj i jednoj ravnogorskoj obitelji, a taj se dio realizira u suradnji delni\u010dkih srednjo\u0161kolaca sa Gradskom organizacijom Crvenog kri\u017ea Delnice i Savjetovali\u0161tem Izvor.<\/p>\n\n\n\n<p>Dakle, ako u subotu navratite do Sela Bake Mraz \u2013 \u201csko\u010dite\u201d do njihova \u0161tanda i pomozite im!<\/p>\n\n\n\n<p>Preuzeto sa:<br><a href=\"https:\/\/www.novilist.hr\/rijeka-regija\/gorski-kotar\/delnicki-srednjoskolci-u-selu-bake-mraz-u-humanitarnoj-akciji-za-pomoc-obiteljima-u-nevolji\/\">https:\/\/www.novilist.hr\/rijeka-regija\/gorski-kotar\/delnicki-srednjoskolci-u-selu-bake-mraz-u-humanitarnoj-akciji-za-pomoc-obiteljima-u-nevolji\/<\/a><\/p>\n","protected":false},"excerpt":{"rendered":"<p>Delni\u010dku adventsku bajku i Selo Bake Mraz pa\u017enje vrijednom humanitarnom akcijom krase u\u010denici Srednje \u0161kole Delnice. Rije\u010d je o akciji pod nazivom \u201cNe\u0161to za tebe, ne\u0161to za mene\u201d, a realizira se kroz prodaju tzv. second hand odje\u0107e koju su delni\u010dki gimnazijalci i srednjo\u0161kolci nabavili prethodnih tjedana. Cjelokupna zarada ostvarena prodajom vrlo kvalitetne odje\u0107e po vrlo [&hellip;]<\/p>\n","protected":false},"author":1,"featured_media":2238,"comment_status":"closed","ping_status":"open","sticky":false,"template":"","format":"standard","meta":{"_et_pb_use_builder":"off","_et_pb_old_content":"","_et_gb_content_width":"","footnotes":""},"categories":[4],"tags":[],"class_list":["post-2237","post","type-post","status-publish","format-standard","has-post-thumbnail","hentry","category-vijesti"],"_links":{"self":[{"href":"https:\/\/crveni-kriz-delnice.hr\/index.php\/wp-json\/wp\/v2\/posts\/2237","targetHints":{"allow":["GET"]}}],"collection":[{"href":"https:\/\/crveni-kriz-delnice.hr\/index.php\/wp-json\/wp\/v2\/posts"}],"about":[{"href":"https:\/\/crveni-kriz-delnice.hr\/index.php\/wp-json\/wp\/v2\/types\/post"}],"author":[{"embeddable":true,"href":"https:\/\/crveni-kriz-delnice.hr\/index.php\/wp-json\/wp\/v2\/users\/1"}],"replies":[{"embeddable":true,"href":"https:\/\/crveni-kriz-delnice.hr\/index.php\/wp-json\/wp\/v2\/comments?post=2237"}],"version-history":[{"count":1,"href":"https:\/\/crveni-kriz-delnice.hr\/index.php\/wp-json\/wp\/v2\/posts\/2237\/revisions"}],"predecessor-version":[{"id":2239,"href":"https:\/\/crveni-kriz-delnice.hr\/index.php\/wp-json\/wp\/v2\/posts\/2237\/revisions\/2239"}],"wp:featuredmedia":[{"embeddable":true,"href":"https:\/\/crveni-kriz-delnice.hr\/index.php\/wp-json\/wp\/v2\/media\/2238"}],"wp:attachment":[{"href":"https:\/\/crveni-kriz-delnice.hr\/index.php\/wp-json\/wp\/v2\/media?parent=2237"}],"wp:term":[{"taxonomy":"category","embeddable":true,"href":"https:\/\/crveni-kriz-delnice.hr\/index.php\/wp-json\/wp\/v2\/categories?post=2237"},{"taxonomy":"post_tag","embeddable":true,"href":"https:\/\/crveni-kriz-delnice.hr\/index.php\/wp-json\/wp\/v2\/tags?post=2237"}],"curies":[{"name":"wp","href":"https:\/\/api.w.org\/{rel}","templated":true}]}}