{"id":2232,"date":"2025-04-07T15:41:00","date_gmt":"2025-04-07T15:41:00","guid":{"rendered":"https:\/\/crveni-kriz-delnice.hr\/?p=2232"},"modified":"2025-12-17T15:43:56","modified_gmt":"2025-12-17T15:43:56","slug":"carolija-roditelja-osnovna-skola-brod-moravice","status":"publish","type":"post","link":"https:\/\/crveni-kriz-delnice.hr\/index.php\/carolija-roditelja-osnovna-skola-brod-moravice\/","title":{"rendered":"\u010carolija roditelja: Osnovna \u0161kola Brod Moravice"},"content":{"rendered":"\n<blockquote class=\"wp-block-quote is-layout-flow wp-block-quote-is-layout-flow\">\n<p><em>U organizaciji Gradskog dru\u0161tva Crvenog kri\u017ea Delnice ove smo nastavne godine bili uklju\u010deni u program \u201c\u010carolija roditelja-Savjetovali\u0161te IZVOR\u201d. Projekt se provodi uz financiranje Ministarstva demografije i useljeni\u0161tva. Cilj provedbe programa je pru\u017eanje aktivne podr\u0161ke obiteljima te promicanje ravnopravnog roditeljstva. Program je proveden na roditeljskim sastancima u obliku radionica tijekom kojih se poticalo na aktivnu ulogu o\u010deva u razvoju djeteta, pru\u017eala se aktivna podr\u0161ka roditeljima pri uskla\u0111ivanju obiteljskog i profesionalnog \u017eivota kao i u prevladavanju svih oblika pote\u0161ko\u0107a i \u017eivotnih situacija.<\/em><\/p>\n\n\n\n<p><em>Svjesni situacija s kojima se suvremene obitelji susre\u0107u veseli nas \u0161to smo bili u mogu\u0107nosti pru\u017eiti im ovakav oblik potpore i podr\u0161ke u njihovom svakodnevnim izazovima na koje nailaze u odgoju svoje djece.<\/em><\/p>\n<\/blockquote>\n\n\n\n<p>Preuzeto sa:<br><a href=\"https:\/\/os-brod-moravice.skole.hr\/carolija-roditelja\/\">https:\/\/os-brod-moravice.skole.hr\/carolija-roditelja\/<\/a><\/p>\n\n\n\n<figure class=\"wp-block-embed is-type-wp-embed is-provider-osnovna-kola-brod-moravice wp-block-embed-osnovna-kola-brod-moravice\"><div class=\"wp-block-embed__wrapper\">\n<blockquote class=\"wp-embedded-content\" data-secret=\"6Dk7nftEPC\"><a href=\"https:\/\/os-brod-moravice.skole.hr\/carolija-roditelja\/\">\u010carolija roditelja<\/a><\/blockquote><iframe class=\"wp-embedded-content lazyload\" sandbox=\"allow-scripts\" security=\"restricted\" style=\"position: absolute; visibility: hidden;\" title=\"&#8220;\u010carolija roditelja&#8221; &#8212; Osnovna \u0161kola Brod Moravice\" data-src=\"https:\/\/os-brod-moravice.skole.hr\/carolija-roditelja\/embed\/#?secret=pf6WA99wBt#?secret=6Dk7nftEPC\" data-secret=\"6Dk7nftEPC\" width=\"600\" height=\"338\" frameborder=\"0\" marginwidth=\"0\" marginheight=\"0\" scrolling=\"no\" src=\"data:image\/svg+xml;base64,PHN2ZyB3aWR0aD0iMSIgaGVpZ2h0PSIxIiB4bWxucz0iaHR0cDovL3d3dy53My5vcmcvMjAwMC9zdmciPjwvc3ZnPg==\" data-load-mode=\"1\"><\/iframe>\n<\/div><\/figure>\n","protected":false},"excerpt":{"rendered":"<p>U organizaciji Gradskog dru\u0161tva Crvenog kri\u017ea Delnice ove smo nastavne godine bili uklju\u010deni u program \u201c\u010carolija roditelja-Savjetovali\u0161te IZVOR\u201d. Projekt se provodi uz financiranje Ministarstva demografije i useljeni\u0161tva. Cilj provedbe programa je pru\u017eanje aktivne podr\u0161ke obiteljima te promicanje ravnopravnog roditeljstva. Program je proveden na roditeljskim sastancima u obliku radionica tijekom kojih se poticalo na aktivnu ulogu [&hellip;]<\/p>\n","protected":false},"author":1,"featured_media":0,"comment_status":"closed","ping_status":"open","sticky":false,"template":"","format":"standard","meta":{"_et_pb_use_builder":"off","_et_pb_old_content":"","_et_gb_content_width":"","footnotes":""},"categories":[8],"tags":[],"class_list":["post-2232","post","type-post","status-publish","format-standard","hentry","category-carolija-roditelja"],"_links":{"self":[{"href":"https:\/\/crveni-kriz-delnice.hr\/index.php\/wp-json\/wp\/v2\/posts\/2232","targetHints":{"allow":["GET"]}}],"collection":[{"href":"https:\/\/crveni-kriz-delnice.hr\/index.php\/wp-json\/wp\/v2\/posts"}],"about":[{"href":"https:\/\/crveni-kriz-delnice.hr\/index.php\/wp-json\/wp\/v2\/types\/post"}],"author":[{"embeddable":true,"href":"https:\/\/crveni-kriz-delnice.hr\/index.php\/wp-json\/wp\/v2\/users\/1"}],"replies":[{"embeddable":true,"href":"https:\/\/crveni-kriz-delnice.hr\/index.php\/wp-json\/wp\/v2\/comments?post=2232"}],"version-history":[{"count":1,"href":"https:\/\/crveni-kriz-delnice.hr\/index.php\/wp-json\/wp\/v2\/posts\/2232\/revisions"}],"predecessor-version":[{"id":2233,"href":"https:\/\/crveni-kriz-delnice.hr\/index.php\/wp-json\/wp\/v2\/posts\/2232\/revisions\/2233"}],"wp:attachment":[{"href":"https:\/\/crveni-kriz-delnice.hr\/index.php\/wp-json\/wp\/v2\/media?parent=2232"}],"wp:term":[{"taxonomy":"category","embeddable":true,"href":"https:\/\/crveni-kriz-delnice.hr\/index.php\/wp-json\/wp\/v2\/categories?post=2232"},{"taxonomy":"post_tag","embeddable":true,"href":"https:\/\/crveni-kriz-delnice.hr\/index.php\/wp-json\/wp\/v2\/tags?post=2232"}],"curies":[{"name":"wp","href":"https:\/\/api.w.org\/{rel}","templated":true}]}}