{"id":2213,"date":"2025-11-26T09:17:00","date_gmt":"2025-11-26T09:17:00","guid":{"rendered":"https:\/\/crveni-kriz-delnice.hr\/?p=2213"},"modified":"2025-12-15T09:21:05","modified_gmt":"2025-12-15T09:21:05","slug":"promocija-knjige-nives-madunic-barisic","status":"publish","type":"post","link":"https:\/\/crveni-kriz-delnice.hr\/index.php\/promocija-knjige-nives-madunic-barisic\/","title":{"rendered":"PROMOCIJA KNJIGE \u2014 NIVES MADUNI\u0106 BARI\u0160I\u0106"},"content":{"rendered":"\n<p>Povodom Me\u0111unarodnog dana borbe protiv nasilja nad \u017eenama u suradnji sa Gradskom knji\u017enicom Janet Majnari\u0107 organizirali smo: PROMOCIJU KNJIGE \u2014 NIVES MADUNI\u0106 BARI\u0160I\u0106 &#8220;\u017dene koje vri\u0161te u sebi&#8221;<br><\/p>\n\n\n\n<p>Ovo nije samo knjiga.<br>Ovo je iskustvo koje ostavlja trag i nakon \u0161to se stranice zatvore.<br>Knjiga koja razbija \u0161utnju.<br><br>Hvala na nezaboravnim trenucima, draga Nives Maduni\u0107 Bari\u0161i\u0107, i svim divnim \u017eenama koje su bile uz nas ove ve\u010deri.<br>Podijeljeno je 10 knjiga spomenute autorice koje su financirane u sklopu projekta: \u201eMo\u017eemo li u\u010diniti ne\u0161to za \u017ertve nasilja u obitelji? Mo\u017eemo II\u201c financiranog sredstvima Ministarstva rada, mirovinskog sustava, obitelji i socijalne politike<br>Hvala svima koji su bili dio ove ve\u010deri \u2014 zajedno smo podigli glas za one koji ga tek pronalaze.<\/p>\n\n\n\n<figure class=\"wp-block-gallery has-nested-images columns-default is-cropped wp-block-gallery-1 is-layout-flex wp-block-gallery-is-layout-flex\">\n<figure class=\"wp-block-image size-large\"><img decoding=\"async\" width=\"736\" height=\"1000\" data-id=\"2214\" data-src=\"https:\/\/crveni-kriz-delnice.hr\/wp-content\/uploads\/2025\/12\/588578540_122185215548542096_170983196942511556_n.jpg\" alt=\"\" class=\"wp-image-2214 lazyload\" src=\"data:image\/svg+xml;base64,PHN2ZyB3aWR0aD0iMSIgaGVpZ2h0PSIxIiB4bWxucz0iaHR0cDovL3d3dy53My5vcmcvMjAwMC9zdmciPjwvc3ZnPg==\" style=\"--smush-placeholder-width: 736px; --smush-placeholder-aspect-ratio: 736\/1000;\" \/><\/figure>\n\n\n\n<figure class=\"wp-block-image size-large\"><img decoding=\"async\" width=\"736\" height=\"1000\" data-id=\"2215\" data-src=\"https:\/\/crveni-kriz-delnice.hr\/wp-content\/uploads\/2025\/12\/589153158_122185215506542096_4242779269090236715_n.jpg\" alt=\"\" class=\"wp-image-2215 lazyload\" src=\"data:image\/svg+xml;base64,PHN2ZyB3aWR0aD0iMSIgaGVpZ2h0PSIxIiB4bWxucz0iaHR0cDovL3d3dy53My5vcmcvMjAwMC9zdmciPjwvc3ZnPg==\" style=\"--smush-placeholder-width: 736px; --smush-placeholder-aspect-ratio: 736\/1000;\" \/><\/figure>\n\n\n\n<figure class=\"wp-block-image size-large\"><img decoding=\"async\" width=\"2048\" height=\"1536\" data-id=\"2216\" data-src=\"https:\/\/crveni-kriz-delnice.hr\/wp-content\/uploads\/2025\/12\/589603988_122185216790542096_7211174452612129941_n.jpg\" alt=\"\" class=\"wp-image-2216 lazyload\" src=\"data:image\/svg+xml;base64,PHN2ZyB3aWR0aD0iMSIgaGVpZ2h0PSIxIiB4bWxucz0iaHR0cDovL3d3dy53My5vcmcvMjAwMC9zdmciPjwvc3ZnPg==\" style=\"--smush-placeholder-width: 2048px; --smush-placeholder-aspect-ratio: 2048\/1536;\" \/><\/figure>\n\n\n\n<figure class=\"wp-block-image size-large\"><img decoding=\"async\" width=\"2048\" height=\"1536\" data-id=\"2217\" data-src=\"https:\/\/crveni-kriz-delnice.hr\/wp-content\/uploads\/2025\/12\/589753293_122185215692542096_2319128782101862769_n.jpg\" alt=\"\" class=\"wp-image-2217 lazyload\" src=\"data:image\/svg+xml;base64,PHN2ZyB3aWR0aD0iMSIgaGVpZ2h0PSIxIiB4bWxucz0iaHR0cDovL3d3dy53My5vcmcvMjAwMC9zdmciPjwvc3ZnPg==\" style=\"--smush-placeholder-width: 2048px; --smush-placeholder-aspect-ratio: 2048\/1536;\" \/><\/figure>\n\n\n\n<figure class=\"wp-block-image size-large\"><img decoding=\"async\" width=\"2048\" height=\"1536\" data-id=\"2218\" data-src=\"https:\/\/crveni-kriz-delnice.hr\/wp-content\/uploads\/2025\/12\/590445607_122185215746542096_478158466851443028_n.jpg\" alt=\"\" class=\"wp-image-2218 lazyload\" src=\"data:image\/svg+xml;base64,PHN2ZyB3aWR0aD0iMSIgaGVpZ2h0PSIxIiB4bWxucz0iaHR0cDovL3d3dy53My5vcmcvMjAwMC9zdmciPjwvc3ZnPg==\" style=\"--smush-placeholder-width: 2048px; --smush-placeholder-aspect-ratio: 2048\/1536;\" \/><\/figure>\n\n\n\n<figure class=\"wp-block-image size-large\"><img decoding=\"async\" width=\"2048\" height=\"1536\" data-id=\"2220\" data-src=\"https:\/\/crveni-kriz-delnice.hr\/wp-content\/uploads\/2025\/12\/590615215_122185215584542096_3017703385563610738_n.jpg\" alt=\"\" class=\"wp-image-2220 lazyload\" src=\"data:image\/svg+xml;base64,PHN2ZyB3aWR0aD0iMSIgaGVpZ2h0PSIxIiB4bWxucz0iaHR0cDovL3d3dy53My5vcmcvMjAwMC9zdmciPjwvc3ZnPg==\" style=\"--smush-placeholder-width: 2048px; --smush-placeholder-aspect-ratio: 2048\/1536;\" \/><\/figure>\n\n\n\n<figure class=\"wp-block-image size-large\"><img decoding=\"async\" width=\"2048\" height=\"1536\" data-id=\"2219\" data-src=\"https:\/\/crveni-kriz-delnice.hr\/wp-content\/uploads\/2025\/12\/590460299_122185215716542096_6708685218532218799_n.jpg\" alt=\"\" class=\"wp-image-2219 lazyload\" src=\"data:image\/svg+xml;base64,PHN2ZyB3aWR0aD0iMSIgaGVpZ2h0PSIxIiB4bWxucz0iaHR0cDovL3d3dy53My5vcmcvMjAwMC9zdmciPjwvc3ZnPg==\" style=\"--smush-placeholder-width: 2048px; --smush-placeholder-aspect-ratio: 2048\/1536;\" \/><\/figure>\n<\/figure>\n","protected":false},"excerpt":{"rendered":"<p>Povodom Me\u0111unarodnog dana borbe protiv nasilja nad \u017eenama u suradnji sa Gradskom knji\u017enicom Janet Majnari\u0107 organizirali smo: PROMOCIJU KNJIGE \u2014 NIVES MADUNI\u0106 BARI\u0160I\u0106 &#8220;\u017dene koje vri\u0161te u sebi&#8221; Ovo nije samo knjiga.Ovo je iskustvo koje ostavlja trag i nakon \u0161to se stranice zatvore.Knjiga koja razbija \u0161utnju. Hvala na nezaboravnim trenucima, draga Nives Maduni\u0107 Bari\u0161i\u0107, i [&hellip;]<\/p>\n","protected":false},"author":1,"featured_media":2218,"comment_status":"closed","ping_status":"open","sticky":false,"template":"","format":"standard","meta":{"_et_pb_use_builder":"off","_et_pb_old_content":"","_et_gb_content_width":"","footnotes":""},"categories":[9,4],"tags":[],"class_list":["post-2213","post","type-post","status-publish","format-standard","has-post-thumbnail","hentry","category-mozemo","category-vijesti"],"_links":{"self":[{"href":"https:\/\/crveni-kriz-delnice.hr\/index.php\/wp-json\/wp\/v2\/posts\/2213","targetHints":{"allow":["GET"]}}],"collection":[{"href":"https:\/\/crveni-kriz-delnice.hr\/index.php\/wp-json\/wp\/v2\/posts"}],"about":[{"href":"https:\/\/crveni-kriz-delnice.hr\/index.php\/wp-json\/wp\/v2\/types\/post"}],"author":[{"embeddable":true,"href":"https:\/\/crveni-kriz-delnice.hr\/index.php\/wp-json\/wp\/v2\/users\/1"}],"replies":[{"embeddable":true,"href":"https:\/\/crveni-kriz-delnice.hr\/index.php\/wp-json\/wp\/v2\/comments?post=2213"}],"version-history":[{"count":1,"href":"https:\/\/crveni-kriz-delnice.hr\/index.php\/wp-json\/wp\/v2\/posts\/2213\/revisions"}],"predecessor-version":[{"id":2221,"href":"https:\/\/crveni-kriz-delnice.hr\/index.php\/wp-json\/wp\/v2\/posts\/2213\/revisions\/2221"}],"wp:featuredmedia":[{"embeddable":true,"href":"https:\/\/crveni-kriz-delnice.hr\/index.php\/wp-json\/wp\/v2\/media\/2218"}],"wp:attachment":[{"href":"https:\/\/crveni-kriz-delnice.hr\/index.php\/wp-json\/wp\/v2\/media?parent=2213"}],"wp:term":[{"taxonomy":"category","embeddable":true,"href":"https:\/\/crveni-kriz-delnice.hr\/index.php\/wp-json\/wp\/v2\/categories?post=2213"},{"taxonomy":"post_tag","embeddable":true,"href":"https:\/\/crveni-kriz-delnice.hr\/index.php\/wp-json\/wp\/v2\/tags?post=2213"}],"curies":[{"name":"wp","href":"https:\/\/api.w.org\/{rel}","templated":true}]}}