{"id":2209,"date":"2025-12-09T09:15:45","date_gmt":"2025-12-09T09:15:45","guid":{"rendered":"https:\/\/crveni-kriz-delnice.hr\/?p=2209"},"modified":"2025-12-15T09:17:05","modified_gmt":"2025-12-15T09:17:05","slug":"radionica-o-mentalnom-zdravlju-u-sklopu-projekta-mozemo","status":"publish","type":"post","link":"https:\/\/crveni-kriz-delnice.hr\/index.php\/radionica-o-mentalnom-zdravlju-u-sklopu-projekta-mozemo\/","title":{"rendered":"Radionica o mentalnom zdravlju u sklopu projekta Mo\u017eemo"},"content":{"rendered":"\n<p>Odr\u017eali smo za \u010dlanove Kluba alkoholi\u010dara Delnice radionicu o mentalnom zdravlju u sklopu projekta Mo\u017eemo li u\u010diniti ne\u0161to za \u017ertve nasilja u obitelji? Mo\u017eemo 2&#8243; u mjesecu borbe protiv ovisnosti koji se obilje\u017eava svake godine od 15. studenog do 15. prosinca s ciljem podizanja svijesti o problemu ovisnosti.<\/p>\n\n\n\n<p>Zahvaljujemo se \u010dlanovima Kluba na gostovanju i suradnji.<\/p>\n\n\n\n<figure class=\"wp-block-gallery has-nested-images columns-default is-cropped wp-block-gallery-1 is-layout-flex wp-block-gallery-is-layout-flex\">\n<figure class=\"wp-block-image size-large\"><img decoding=\"async\" width=\"1600\" height=\"1200\" data-id=\"2210\" data-src=\"https:\/\/crveni-kriz-delnice.hr\/wp-content\/uploads\/2025\/12\/596681291_122186800310542096_2369447181933050745_n.jpg\" alt=\"\" class=\"wp-image-2210 lazyload\" src=\"data:image\/svg+xml;base64,PHN2ZyB3aWR0aD0iMSIgaGVpZ2h0PSIxIiB4bWxucz0iaHR0cDovL3d3dy53My5vcmcvMjAwMC9zdmciPjwvc3ZnPg==\" style=\"--smush-placeholder-width: 1600px; --smush-placeholder-aspect-ratio: 1600\/1200;\" \/><\/figure>\n\n\n\n<figure class=\"wp-block-image size-large\"><img decoding=\"async\" width=\"1600\" height=\"1200\" data-id=\"2211\" data-src=\"https:\/\/crveni-kriz-delnice.hr\/wp-content\/uploads\/2025\/12\/597616338_122186800268542096_5836256380937494752_n.jpg\" alt=\"\" class=\"wp-image-2211 lazyload\" src=\"data:image\/svg+xml;base64,PHN2ZyB3aWR0aD0iMSIgaGVpZ2h0PSIxIiB4bWxucz0iaHR0cDovL3d3dy53My5vcmcvMjAwMC9zdmciPjwvc3ZnPg==\" style=\"--smush-placeholder-width: 1600px; --smush-placeholder-aspect-ratio: 1600\/1200;\" \/><\/figure>\n<\/figure>\n","protected":false},"excerpt":{"rendered":"<p>Odr\u017eali smo za \u010dlanove Kluba alkoholi\u010dara Delnice radionicu o mentalnom zdravlju u sklopu projekta Mo\u017eemo li u\u010diniti ne\u0161to za \u017ertve nasilja u obitelji? Mo\u017eemo 2&#8243; u mjesecu borbe protiv ovisnosti koji se obilje\u017eava svake godine od 15. studenog do 15. prosinca s ciljem podizanja svijesti o problemu ovisnosti. Zahvaljujemo se \u010dlanovima Kluba na gostovanju i [&hellip;]<\/p>\n","protected":false},"author":1,"featured_media":2210,"comment_status":"closed","ping_status":"open","sticky":false,"template":"","format":"standard","meta":{"_et_pb_use_builder":"off","_et_pb_old_content":"","_et_gb_content_width":"","footnotes":""},"categories":[9,4],"tags":[],"class_list":["post-2209","post","type-post","status-publish","format-standard","has-post-thumbnail","hentry","category-mozemo","category-vijesti"],"_links":{"self":[{"href":"https:\/\/crveni-kriz-delnice.hr\/index.php\/wp-json\/wp\/v2\/posts\/2209","targetHints":{"allow":["GET"]}}],"collection":[{"href":"https:\/\/crveni-kriz-delnice.hr\/index.php\/wp-json\/wp\/v2\/posts"}],"about":[{"href":"https:\/\/crveni-kriz-delnice.hr\/index.php\/wp-json\/wp\/v2\/types\/post"}],"author":[{"embeddable":true,"href":"https:\/\/crveni-kriz-delnice.hr\/index.php\/wp-json\/wp\/v2\/users\/1"}],"replies":[{"embeddable":true,"href":"https:\/\/crveni-kriz-delnice.hr\/index.php\/wp-json\/wp\/v2\/comments?post=2209"}],"version-history":[{"count":1,"href":"https:\/\/crveni-kriz-delnice.hr\/index.php\/wp-json\/wp\/v2\/posts\/2209\/revisions"}],"predecessor-version":[{"id":2212,"href":"https:\/\/crveni-kriz-delnice.hr\/index.php\/wp-json\/wp\/v2\/posts\/2209\/revisions\/2212"}],"wp:featuredmedia":[{"embeddable":true,"href":"https:\/\/crveni-kriz-delnice.hr\/index.php\/wp-json\/wp\/v2\/media\/2210"}],"wp:attachment":[{"href":"https:\/\/crveni-kriz-delnice.hr\/index.php\/wp-json\/wp\/v2\/media?parent=2209"}],"wp:term":[{"taxonomy":"category","embeddable":true,"href":"https:\/\/crveni-kriz-delnice.hr\/index.php\/wp-json\/wp\/v2\/categories?post=2209"},{"taxonomy":"post_tag","embeddable":true,"href":"https:\/\/crveni-kriz-delnice.hr\/index.php\/wp-json\/wp\/v2\/tags?post=2209"}],"curies":[{"name":"wp","href":"https:\/\/api.w.org\/{rel}","templated":true}]}}