{"id":2122,"date":"2025-10-14T13:05:29","date_gmt":"2025-10-14T13:05:29","guid":{"rendered":"https:\/\/crveni-kriz-delnice.hr\/?p=2122"},"modified":"2025-11-11T15:03:42","modified_gmt":"2025-11-11T15:03:42","slug":"natjecaj-za-prodaju-sluzbenog-osobnog-vozila","status":"publish","type":"post","link":"https:\/\/crveni-kriz-delnice.hr\/index.php\/natjecaj-za-prodaju-sluzbenog-osobnog-vozila\/","title":{"rendered":"Natje\u010daj za prodaju slu\u017ebenog osobnog vozila"},"content":{"rendered":"\n<p>Na temelju Odluke Odbora HCK Gradskog dru\u0161tva Crvenog kri\u017ea Delnice (skra\u0107eno: GDCK Delnice) o prodaji slu\u017ebenog osobnog vozila, od 02. listopada 2025. godine, Ravnateljica raspisuje <\/p>\n\n\n\n<p class=\"has-text-align-center\">NATJE\u010cAJ<br>za prodaju slu\u017ebenog osobnog vozila<\/p>\n\n\n\n<p>Prodaje se osobno vozilo u vlasni\u0161tvu HCK Gradskog dru\u0161tva Crvenog kri\u017ea Delnice, marke, Volkswagen, model tip vozila Caddy 1,9 TDI Life, vrsta motora DIESEL, snage Kw 77, zapremina motora 1896 cm3 boje, SREBRNA &#8211; S EFEKTOM, broj \u0161asije : WV2ZZZ2KZ5X111610, oblik karoserije zatvoreni, godina proizvodnje 2005., koji ima ukupno prije\u0111enih 240 905 kilometara, nije registriran, ima 4 (\u010detiri) rabljene zimske gume, potrebna zamjena cilindra na prednjem desnom kota\u010du i koji nije u voznom je stanju.<\/p>\n\n\n\n<p>Po\u010detna cijena iznosi 2.821,00 eura.<\/p>\n\n\n\n<ul class=\"wp-block-list\">\n<li><a href=\"https:\/\/crveni-kriz-delnice.hr\/wp-content\/uploads\/2025\/10\/01_odluka-o-prodaji.docx.pdf\">Odluka o prodaji slu\u017ebenog osobnog vozila (.pdf)<\/a><\/li>\n\n\n\n<li><a href=\"https:\/\/crveni-kriz-delnice.hr\/wp-content\/uploads\/2025\/10\/02_natjecaj.docx.pdf\">Natje\u010daj za prodaju slu\u017ebenog osobnog vozila (.pdf)<\/a><\/li>\n<\/ul>\n\n\n\n<figure class=\"wp-block-gallery has-nested-images columns-default is-cropped wp-block-gallery-1 is-layout-flex wp-block-gallery-is-layout-flex\">\n<figure class=\"wp-block-image size-large\"><img decoding=\"async\" width=\"1080\" height=\"810\" data-id=\"2128\" data-src=\"https:\/\/crveni-kriz-delnice.hr\/wp-content\/uploads\/2025\/10\/20251014_142225.jpg\" alt=\"\" class=\"wp-image-2128 lazyload\" src=\"data:image\/svg+xml;base64,PHN2ZyB3aWR0aD0iMSIgaGVpZ2h0PSIxIiB4bWxucz0iaHR0cDovL3d3dy53My5vcmcvMjAwMC9zdmciPjwvc3ZnPg==\" style=\"--smush-placeholder-width: 1080px; --smush-placeholder-aspect-ratio: 1080\/810;\" \/><\/figure>\n\n\n\n<figure class=\"wp-block-image size-large\"><img decoding=\"async\" width=\"1080\" height=\"810\" data-id=\"2127\" data-src=\"https:\/\/crveni-kriz-delnice.hr\/wp-content\/uploads\/2025\/10\/20251014_142202.jpg\" alt=\"\" class=\"wp-image-2127 lazyload\" src=\"data:image\/svg+xml;base64,PHN2ZyB3aWR0aD0iMSIgaGVpZ2h0PSIxIiB4bWxucz0iaHR0cDovL3d3dy53My5vcmcvMjAwMC9zdmciPjwvc3ZnPg==\" style=\"--smush-placeholder-width: 1080px; --smush-placeholder-aspect-ratio: 1080\/810;\" \/><\/figure>\n\n\n\n<figure class=\"wp-block-image size-large\"><img decoding=\"async\" width=\"810\" height=\"1080\" data-id=\"2126\" data-src=\"https:\/\/crveni-kriz-delnice.hr\/wp-content\/uploads\/2025\/10\/20251014_142151.jpg\" alt=\"\" class=\"wp-image-2126 lazyload\" src=\"data:image\/svg+xml;base64,PHN2ZyB3aWR0aD0iMSIgaGVpZ2h0PSIxIiB4bWxucz0iaHR0cDovL3d3dy53My5vcmcvMjAwMC9zdmciPjwvc3ZnPg==\" style=\"--smush-placeholder-width: 810px; --smush-placeholder-aspect-ratio: 810\/1080;\" \/><\/figure>\n\n\n\n<figure class=\"wp-block-image size-large\"><img decoding=\"async\" width=\"1080\" height=\"810\" data-id=\"2125\" data-src=\"https:\/\/crveni-kriz-delnice.hr\/wp-content\/uploads\/2025\/10\/20251014_142142.jpg\" alt=\"\" class=\"wp-image-2125 lazyload\" src=\"data:image\/svg+xml;base64,PHN2ZyB3aWR0aD0iMSIgaGVpZ2h0PSIxIiB4bWxucz0iaHR0cDovL3d3dy53My5vcmcvMjAwMC9zdmciPjwvc3ZnPg==\" style=\"--smush-placeholder-width: 1080px; --smush-placeholder-aspect-ratio: 1080\/810;\" \/><\/figure>\n<\/figure>\n","protected":false},"excerpt":{"rendered":"<p>Na temelju Odluke Odbora HCK Gradskog dru\u0161tva Crvenog kri\u017ea Delnice (skra\u0107eno: GDCK Delnice) o prodaji slu\u017ebenog osobnog vozila, od 02. listopada 2025. godine, Ravnateljica raspisuje NATJE\u010cAJza prodaju slu\u017ebenog osobnog vozila Prodaje se osobno vozilo u vlasni\u0161tvu HCK Gradskog dru\u0161tva Crvenog kri\u017ea Delnice, marke, Volkswagen, model tip vozila Caddy 1,9 TDI Life, vrsta motora DIESEL, snage [&hellip;]<\/p>\n","protected":false},"author":1,"featured_media":2125,"comment_status":"closed","ping_status":"open","sticky":false,"template":"","format":"standard","meta":{"_et_pb_use_builder":"off","_et_pb_old_content":"","_et_gb_content_width":"","footnotes":""},"categories":[6],"tags":[],"class_list":["post-2122","post","type-post","status-publish","format-standard","has-post-thumbnail","hentry","category-natjecaji"],"_links":{"self":[{"href":"https:\/\/crveni-kriz-delnice.hr\/index.php\/wp-json\/wp\/v2\/posts\/2122","targetHints":{"allow":["GET"]}}],"collection":[{"href":"https:\/\/crveni-kriz-delnice.hr\/index.php\/wp-json\/wp\/v2\/posts"}],"about":[{"href":"https:\/\/crveni-kriz-delnice.hr\/index.php\/wp-json\/wp\/v2\/types\/post"}],"author":[{"embeddable":true,"href":"https:\/\/crveni-kriz-delnice.hr\/index.php\/wp-json\/wp\/v2\/users\/1"}],"replies":[{"embeddable":true,"href":"https:\/\/crveni-kriz-delnice.hr\/index.php\/wp-json\/wp\/v2\/comments?post=2122"}],"version-history":[{"count":2,"href":"https:\/\/crveni-kriz-delnice.hr\/index.php\/wp-json\/wp\/v2\/posts\/2122\/revisions"}],"predecessor-version":[{"id":2180,"href":"https:\/\/crveni-kriz-delnice.hr\/index.php\/wp-json\/wp\/v2\/posts\/2122\/revisions\/2180"}],"wp:featuredmedia":[{"embeddable":true,"href":"https:\/\/crveni-kriz-delnice.hr\/index.php\/wp-json\/wp\/v2\/media\/2125"}],"wp:attachment":[{"href":"https:\/\/crveni-kriz-delnice.hr\/index.php\/wp-json\/wp\/v2\/media?parent=2122"}],"wp:term":[{"taxonomy":"category","embeddable":true,"href":"https:\/\/crveni-kriz-delnice.hr\/index.php\/wp-json\/wp\/v2\/categories?post=2122"},{"taxonomy":"post_tag","embeddable":true,"href":"https:\/\/crveni-kriz-delnice.hr\/index.php\/wp-json\/wp\/v2\/tags?post=2122"}],"curies":[{"name":"wp","href":"https:\/\/api.w.org\/{rel}","templated":true}]}}