{"id":2115,"date":"2025-10-13T07:46:21","date_gmt":"2025-10-13T07:46:21","guid":{"rendered":"https:\/\/crveni-kriz-delnice.hr\/?p=2115"},"modified":"2025-10-13T07:46:21","modified_gmt":"2025-10-13T07:46:21","slug":"program-prometne-kulture-za-najmlade","status":"publish","type":"post","link":"https:\/\/crveni-kriz-delnice.hr\/index.php\/program-prometne-kulture-za-najmlade\/","title":{"rendered":"Program prometne kulture za najmla\u0111e"},"content":{"rendered":"\n<p>Kratku \u0161kolu prve pomo\u0107i odr\u017eao je tim Gradskog dru\u0161tva crvenog kri\u017ea Delnice na \u010delu s ravnateljicom Snje\u017eanom Krizmani\u0107 .<\/p>\n\n\n\n<p>Djelatnica g\u0111a Vanja \u0110uri\u0107 i volonteri: Paola \u017divanovi\u0107, Lana Volp, Barbara Frlan i Klara Pu\u0161elja ovog dru\u0161tva su posebno licencirani za pru\u017eanje ovakvog vida edukacija iz prve pomo\u0107i za na\u0161e najmla\u0111e. Ukratko se ponavljaju brojevi hitnih slu\u017ebi nakon \u010dega se u\u010denicima postavlja pitanje o razlici izme\u0111u prve i hitne pomo\u0107i. Nagla\u0161ava se va\u017enost onih informacija koje je pri tom pozivu nu\u017eno re\u0107i (\u0160to se dogodilo? Gdje se dogodilo? Kako se dogodilo?).. Nakon toga djeca imaju priliku nau\u010diti kako postupiti kada su u pitanju lak\u0161e ozljede (ogrebotine, opekotine, giljotine) ili kako postupiti u nekim situacijama (krvarenje iz nosa).<\/p>\n\n\n\n<p>Vi\u0161e na:<\/p>\n\n\n\n<figure class=\"wp-block-embed is-type-wp-embed is-provider-program-prometne-kulture-za-najmla-e wp-block-embed-program-prometne-kulture-za-najmla-e\"><div class=\"wp-block-embed__wrapper\">\n<blockquote class=\"wp-embedded-content\" data-secret=\"n8GkcHvTKE\"><a href=\"https:\/\/program-prometne-kulture.hr\/manifestacije\/domacin-os-ivana-gorana-kovacica-delnice-gosti-os-mrkopalj-os-brod-moravice-os-rudolfa-strohala-lokveos-skrad-os-ivanke-trohar-fuzine-os-dr-branimira-markovica-ravna-gora-os-ivana-gorana-kova\/\">Doma\u0107in: O\u0160 Ivana Gorana Kova\u010di\u0107a Delnice Gosti: O\u0160 Mrkopalj, O\u0160 Brod Moravice, O\u0160 Rudolfa Strohala Lokve,O\u0160 Skrad, O\u0160 Ivanke Trohar Fu\u017eine, O\u0160 dr. Branimira Markovi\u0107a Ravna Gora, O\u0160 Ivana Gorana Kova\u010di\u0107a Vrbovsko, O\u0160 Frana Krste Frankopana Brod na Kupi<\/a><\/blockquote><iframe class=\"wp-embedded-content lazyload\" sandbox=\"allow-scripts\" security=\"restricted\" style=\"position: absolute; visibility: hidden;\" title=\"&#8220;Doma\u0107in: O\u0160 Ivana Gorana Kova\u010di\u0107a Delnice Gosti: O\u0160 Mrkopalj, O\u0160 Brod Moravice, O\u0160 Rudolfa Strohala Lokve,O\u0160 Skrad, O\u0160 Ivanke Trohar Fu\u017eine, O\u0160 dr. Branimira Markovi\u0107a Ravna Gora, O\u0160 Ivana Gorana Kova\u010di\u0107a Vrbovsko, O\u0160 Frana Krste Frankopana Brod na Kupi&#8221; &#8212; Program prometne kulture za najmla\u0111e\" data-src=\"https:\/\/program-prometne-kulture.hr\/manifestacije\/domacin-os-ivana-gorana-kovacica-delnice-gosti-os-mrkopalj-os-brod-moravice-os-rudolfa-strohala-lokveos-skrad-os-ivanke-trohar-fuzine-os-dr-branimira-markovica-ravna-gora-os-ivana-gorana-kova\/embed\/#?secret=8dshgQqaJv#?secret=n8GkcHvTKE\" data-secret=\"n8GkcHvTKE\" width=\"600\" height=\"338\" frameborder=\"0\" marginwidth=\"0\" marginheight=\"0\" scrolling=\"no\" src=\"data:image\/svg+xml;base64,PHN2ZyB3aWR0aD0iMSIgaGVpZ2h0PSIxIiB4bWxucz0iaHR0cDovL3d3dy53My5vcmcvMjAwMC9zdmciPjwvc3ZnPg==\" data-load-mode=\"1\"><\/iframe>\n<\/div><\/figure>\n","protected":false},"excerpt":{"rendered":"<p>Kratku \u0161kolu prve pomo\u0107i odr\u017eao je tim Gradskog dru\u0161tva crvenog kri\u017ea Delnice na \u010delu s ravnateljicom Snje\u017eanom Krizmani\u0107 . Djelatnica g\u0111a Vanja \u0110uri\u0107 i volonteri: Paola \u017divanovi\u0107, Lana Volp, Barbara Frlan i Klara Pu\u0161elja ovog dru\u0161tva su posebno licencirani za pru\u017eanje ovakvog vida edukacija iz prve pomo\u0107i za na\u0161e najmla\u0111e. Ukratko se ponavljaju brojevi hitnih [&hellip;]<\/p>\n","protected":false},"author":1,"featured_media":2116,"comment_status":"closed","ping_status":"open","sticky":false,"template":"","format":"standard","meta":{"_et_pb_use_builder":"off","_et_pb_old_content":"","_et_gb_content_width":"","footnotes":""},"categories":[4],"tags":[],"class_list":["post-2115","post","type-post","status-publish","format-standard","has-post-thumbnail","hentry","category-vijesti"],"_links":{"self":[{"href":"https:\/\/crveni-kriz-delnice.hr\/index.php\/wp-json\/wp\/v2\/posts\/2115","targetHints":{"allow":["GET"]}}],"collection":[{"href":"https:\/\/crveni-kriz-delnice.hr\/index.php\/wp-json\/wp\/v2\/posts"}],"about":[{"href":"https:\/\/crveni-kriz-delnice.hr\/index.php\/wp-json\/wp\/v2\/types\/post"}],"author":[{"embeddable":true,"href":"https:\/\/crveni-kriz-delnice.hr\/index.php\/wp-json\/wp\/v2\/users\/1"}],"replies":[{"embeddable":true,"href":"https:\/\/crveni-kriz-delnice.hr\/index.php\/wp-json\/wp\/v2\/comments?post=2115"}],"version-history":[{"count":1,"href":"https:\/\/crveni-kriz-delnice.hr\/index.php\/wp-json\/wp\/v2\/posts\/2115\/revisions"}],"predecessor-version":[{"id":2117,"href":"https:\/\/crveni-kriz-delnice.hr\/index.php\/wp-json\/wp\/v2\/posts\/2115\/revisions\/2117"}],"wp:featuredmedia":[{"embeddable":true,"href":"https:\/\/crveni-kriz-delnice.hr\/index.php\/wp-json\/wp\/v2\/media\/2116"}],"wp:attachment":[{"href":"https:\/\/crveni-kriz-delnice.hr\/index.php\/wp-json\/wp\/v2\/media?parent=2115"}],"wp:term":[{"taxonomy":"category","embeddable":true,"href":"https:\/\/crveni-kriz-delnice.hr\/index.php\/wp-json\/wp\/v2\/categories?post=2115"},{"taxonomy":"post_tag","embeddable":true,"href":"https:\/\/crveni-kriz-delnice.hr\/index.php\/wp-json\/wp\/v2\/tags?post=2115"}],"curies":[{"name":"wp","href":"https:\/\/api.w.org\/{rel}","templated":true}]}}