{"id":2095,"date":"2025-10-01T08:31:57","date_gmt":"2025-10-01T08:31:57","guid":{"rendered":"https:\/\/crveni-kriz-delnice.hr\/?p=2095"},"modified":"2025-10-01T08:31:58","modified_gmt":"2025-10-01T08:31:58","slug":"delnicka-knjiznica-ugostila-strucni-skup-stop-obiteljskom-nasilju","status":"publish","type":"post","link":"https:\/\/crveni-kriz-delnice.hr\/index.php\/delnicka-knjiznica-ugostila-strucni-skup-stop-obiteljskom-nasilju\/","title":{"rendered":"Delni\u010dka knji\u017enica ugostila stru\u010dni skup &#8220;Stop obiteljskom nasilju&#8221;"},"content":{"rendered":"\n<p>Gradska knji\u017enica \u201cJanet Majnarich\u201d bila je doma\u0107in stru\u010dnom skupu \u201cStop obiteljskom nasilju\u201d kojeg su organizirali Agencija za odgoj i obrazovanje te Gradsko dru\u0161tvo Crvenog kri\u017ea Delnice, a nazo\u010dili su mu \u010dlanovi \u017dupanijskog stru\u010dnog vije\u0107a stru\u010dnih suradnika pedagoga osnovnih \u0161kola Primorsko \u2013 goranske \u017eupanije.<\/p>\n\n\n\n<p>Cilj je bio okupiti relevantne stru\u010dnjake i organizacije koje poma\u017eu i rade s mladima, obiteljima i \u017ertvama obiteljskog nasilja te im omogu\u0107iti da svoj rad predstave stru\u010dnim suradnicima osnovnih \u0161kola.<\/p>\n\n\n\n<p>Skup je u ime GK \u201cJanet Majnarich\u201d pozdravila ravnateljica Indira Ra\u010dki Joski\u0107 istaknuv\u0161i potrebu suradnje knji\u017enice i svih koji brinu o odgoju.<\/p>\n\n\n\n<p>Rije\u010di pozdrava i \u017eelje za ugodnim i kvalitetnim radom uputio im je i delni\u010dki gradona\u010delnik Igor Ple\u0161e za\u017eeljev\u0161i im dobrodo\u0161licu, a stru\u010dni dio skupa najavila je Snje\u017eana Krizmani\u0107, ravnateljica Gradskog dru\u0161tva Crvenog kri\u017ea Delnice zahvaliv\u0161i na odli\u010dnom odazivu te istaknuv\u0161i vrlo kvalitetnu suradnju Crvenog kri\u017ea sa svim goranskim institucijama vezanim uz sprije\u010davanje obiteljskog nasilja, posebno sa Savjetovali\u0161tem Izvor koje godinama pod vodstvom pedagoginje Tanje Jakovac djeluje u okviru CK Delnice.<\/p>\n\n\n\n<p>Obiteljsko nasilje, ponajprije nasilje nad \u017eenama, predstavlja ozbiljan dru\u0161tveni problem i kr\u0161enje osnovnih ljudskih prava. CK Delnice uspje\u0161no provodi projekt \u201cMo\u017eemo li u\u010diniti ne\u0161to za \u017ertve nasilja u obitelji? \u2013 Mo\u017eemo II\u201d koji je financiran sredstvima Ministarstva rada i mirovinskoga sustava, obitelji i socijalne politike, a u tom je projektu Grad Delnice partner.<\/p>\n\n\n\n<p>Zajedno radimo na kontinuiranoj borbi protiv svakog oblika nasilja, poticanju me\u0111uinstitucionalne suradnje te pru\u017eanja adekvatne podr\u0161ke \u017eenama, \u017ertvama nasilja \u2013 rekla je ravnateljica Krizmani\u0107.<\/p>\n\n\n\n<p>Na koje je sve na\u010dine to mogu\u0107e \u010diniti pokazalo se potom kroz predavanja i diskusije. Progovoreno je detaljno i o va\u017ee\u0107im protokolima koje treba po\u0161tivati u slu\u010daju pojave nasija u osnovnim i srednjim \u0161kolama, a \u010dlanovima \u017dupanijskog stru\u010dnog vije\u0107a stru\u010dnih suradnika pedagoga osnovnih \u0161kola Primorsko \u2013 goranske \u017eupanije predstavili su se Hrvatski zavod za socijalni rad, MUP, Obiteljski centar Doma Sv. Ana \u2013 sigurna ku\u0107a te Savjetovali\u0161ta Izvor Crvenog kri\u017ea Delnice.<\/p>\n\n\n\n<p>Skup je organiziran sklopu projekta \u201d Mo\u017eemo li u\u010diniti ne\u0161to za \u017ertve nasilja u obitelji? Mo\u017eemo II\u201d financiran sredstvima Ministarstva rada, mirovinskog sustava, obitelji i socijalne politike te Agencije za idgoj i obrazovanje.<\/p>\n\n\n\n<p>\u010cuti se moglo puno toga korisnog i nedvojbeno je kako je skup ostvario svoj temejni smisao vezan uz napredak na polju borbe prortiv nasilja u obitelji.<\/p>\n\n\n\n<p>Po zavr\u0161etku skupa predstavnice Zavod za socijalni rad, Obiteljskog centra Dom sv. Ana Caritasa i Doma za \u017ertve nasilja u obitelji sudjelovale su u radio emisija Znanje je mo\u0107 koja se godinama emitira u programu Radija Gorski kotar.<\/p>\n\n\n\n<p>Uvod u ovaj stru\u010dni skup dogodio se dan ranije kad su volonteri i volonterke Crvenog kri\u017ea Delnice dijelili su na Trgu 138. brigade HV i i Trgovini Valentin edukativno \u2013 promid\u017ebene letke vezane uz pomo\u0107 \u017ertvama obiteljskog nasilja.<\/p>\n\n\n\n<p>Cilj je bio, govori ravnateljica GD CK Delnice Snje\u017eana Krizmani\u0107, educirati gra\u0111ane u cilju boljeg prepoznavanja obiteljskog nasilja.<\/p>\n\n\n\n<p>\u2013 Tako\u0111er smo u suradnji sa Srednjom \u0161kolom Delnice podijelili u\u010denicima edukativno \u2013 promid\u017ebeni materijal s naglaskom na prepoznavanje obiteljskog nasilja te adekvatnu reakciju na takvo pona\u0161anje \u2013 rekla je Krizmani\u0107.<\/p>\n\n\n\n<p>Pa\u017enje vrijedan \u010din prema sudionicima skupa ostvarila je i Gradska knji\u017enica \u201cJanet Majnarich\u201d koja je desetak sudionica nagradila posebnim darom \u2013 to\u010dnije s desetak knjiga koje obra\u0111uju problem obiteljskog nasilja.<\/p>\n\n\n\n<p>Sretnice koje su dobile knjigu bile su one koje su kroz sustav tombole (trebalo je sjesti na stolicu ispod koje su bile sakriivene knjige) na\u0161le neku od deset na taj na\u010din darovanih knjiga uglednih knji\u017eevnica Marine Vuj\u010di\u0107, Tara Westover i GabrieleTallent.<\/p>\n\n\n\n<p>Svi koji osje\u0107aju potrebu zatra\u017eiti za\u0161titu od obiteljskog nasilja mogu tu u\u010diniti, kade je rije\u010d o podru\u010dju Goskog kotara i Primorsko\u0107-goranske \u017eupanije, na sljede\u0107e brojeve i e-mil adrese: Savjetovali\u0161te \u201cIzvor\u201d (051 812-686 \u2013 mail: <a href=\"mailto:savjetovaliste.izvor.delnice@gmail.com\">savjetovaliste.izvor.delnice@gmail.com<\/a> ili <a href=\"mailto:hck.delnice@hi.t-com.hr\">hck.delnice@hi.t-com.hr<\/a>), SOS Rijeka Centar za nenasilje i ljudska prava (051 211 888 \u2013 mail <a href=\"mailto:pomoc@sos-rijeka.org\">pomoc@sos-rijeka.org<\/a>). Udruga \u201cUzor\u201d Rijeka (0800 333 883 mob: 099 5027 553 \u2013 mail: <a href=\"mailto:uzor@udruga-uzor-rijeka.hr\">uzor@udruga-uzor-rijeka.hr<\/a>). Dom Sv. Ana, Sigurna ku\u0107a koja pru\u017ea smje\u0161aj i pomo\u0107 \u017eenama i djeci \u017ertvama obiteljskog nasilja (051\/211-146; tel. 098\/852 633 \u2013 mail: soc-rad@sv-ana.com). Hrvatski zavod za socijalni rad \u2013 Podru\u017enica Delnice (051\/440-486, fax: 051\/814-368).<\/p>\n\n\n\n<figure class=\"wp-block-gallery has-nested-images columns-default is-cropped wp-block-gallery-1 is-layout-flex wp-block-gallery-is-layout-flex\">\n<figure class=\"wp-block-image size-large\"><img decoding=\"async\" width=\"717\" height=\"478\" data-id=\"2096\" data-src=\"https:\/\/crveni-kriz-delnice.hr\/wp-content\/uploads\/2025\/10\/11441210-717x478-1.jpg\" alt=\"\" class=\"wp-image-2096 lazyload\" src=\"data:image\/svg+xml;base64,PHN2ZyB3aWR0aD0iMSIgaGVpZ2h0PSIxIiB4bWxucz0iaHR0cDovL3d3dy53My5vcmcvMjAwMC9zdmciPjwvc3ZnPg==\" style=\"--smush-placeholder-width: 717px; --smush-placeholder-aspect-ratio: 717\/478;\" \/><\/figure>\n\n\n\n<figure class=\"wp-block-image size-large\"><img decoding=\"async\" width=\"1200\" height=\"900\" data-id=\"2097\" data-src=\"https:\/\/crveni-kriz-delnice.hr\/wp-content\/uploads\/2025\/10\/11441211.jpg\" alt=\"\" class=\"wp-image-2097 lazyload\" src=\"data:image\/svg+xml;base64,PHN2ZyB3aWR0aD0iMSIgaGVpZ2h0PSIxIiB4bWxucz0iaHR0cDovL3d3dy53My5vcmcvMjAwMC9zdmciPjwvc3ZnPg==\" style=\"--smush-placeholder-width: 1200px; --smush-placeholder-aspect-ratio: 1200\/900;\" \/><figcaption class=\"wp-element-caption\">Dio sudionica stru\u010dnog skupa ugostila je emisija &#8220;Znanje je mo\u0107&#8221; Radija Gorski kotar<\/figcaption><\/figure>\n<\/figure>\n","protected":false},"excerpt":{"rendered":"<p>Gradska knji\u017enica \u201cJanet Majnarich\u201d bila je doma\u0107in stru\u010dnom skupu \u201cStop obiteljskom nasilju\u201d kojeg su organizirali Agencija za odgoj i obrazovanje te Gradsko dru\u0161tvo Crvenog kri\u017ea Delnice, a nazo\u010dili su mu \u010dlanovi \u017dupanijskog stru\u010dnog vije\u0107a stru\u010dnih suradnika pedagoga osnovnih \u0161kola Primorsko \u2013 goranske \u017eupanije. Cilj je bio okupiti relevantne stru\u010dnjake i organizacije koje poma\u017eu i rade [&hellip;]<\/p>\n","protected":false},"author":1,"featured_media":2097,"comment_status":"closed","ping_status":"open","sticky":false,"template":"","format":"standard","meta":{"_et_pb_use_builder":"off","_et_pb_old_content":"","_et_gb_content_width":"","footnotes":""},"categories":[9,4],"tags":[],"class_list":["post-2095","post","type-post","status-publish","format-standard","has-post-thumbnail","hentry","category-mozemo","category-vijesti"],"_links":{"self":[{"href":"https:\/\/crveni-kriz-delnice.hr\/index.php\/wp-json\/wp\/v2\/posts\/2095","targetHints":{"allow":["GET"]}}],"collection":[{"href":"https:\/\/crveni-kriz-delnice.hr\/index.php\/wp-json\/wp\/v2\/posts"}],"about":[{"href":"https:\/\/crveni-kriz-delnice.hr\/index.php\/wp-json\/wp\/v2\/types\/post"}],"author":[{"embeddable":true,"href":"https:\/\/crveni-kriz-delnice.hr\/index.php\/wp-json\/wp\/v2\/users\/1"}],"replies":[{"embeddable":true,"href":"https:\/\/crveni-kriz-delnice.hr\/index.php\/wp-json\/wp\/v2\/comments?post=2095"}],"version-history":[{"count":1,"href":"https:\/\/crveni-kriz-delnice.hr\/index.php\/wp-json\/wp\/v2\/posts\/2095\/revisions"}],"predecessor-version":[{"id":2098,"href":"https:\/\/crveni-kriz-delnice.hr\/index.php\/wp-json\/wp\/v2\/posts\/2095\/revisions\/2098"}],"wp:featuredmedia":[{"embeddable":true,"href":"https:\/\/crveni-kriz-delnice.hr\/index.php\/wp-json\/wp\/v2\/media\/2097"}],"wp:attachment":[{"href":"https:\/\/crveni-kriz-delnice.hr\/index.php\/wp-json\/wp\/v2\/media?parent=2095"}],"wp:term":[{"taxonomy":"category","embeddable":true,"href":"https:\/\/crveni-kriz-delnice.hr\/index.php\/wp-json\/wp\/v2\/categories?post=2095"},{"taxonomy":"post_tag","embeddable":true,"href":"https:\/\/crveni-kriz-delnice.hr\/index.php\/wp-json\/wp\/v2\/tags?post=2095"}],"curies":[{"name":"wp","href":"https:\/\/api.w.org\/{rel}","templated":true}]}}