{"id":2050,"date":"2025-09-22T09:34:05","date_gmt":"2025-09-22T09:34:05","guid":{"rendered":"https:\/\/crveni-kriz-delnice.hr\/?p=2050"},"modified":"2025-09-22T09:34:42","modified_gmt":"2025-09-22T09:34:42","slug":"dodite-razgovaramo-o-obiteljskom-nasilju-kako-ga-prepoznati-i-sto-uciniti","status":"publish","type":"post","link":"https:\/\/crveni-kriz-delnice.hr\/index.php\/dodite-razgovaramo-o-obiteljskom-nasilju-kako-ga-prepoznati-i-sto-uciniti\/","title":{"rendered":"Do\u0111ite, razgovaramo o obiteljskom nasilju, kako ga prepoznati i \u0161to\u00a0u\u010diniti!"},"content":{"rendered":"\n<p>DELNICE \u2013 Kako prepoznati \u017ertvu obiteljskog nasilja i \u0161to mogu u\u010diniti ako su \u017ertva nasilja ili prepoznaju nasilje, pitanja su na koje odgovore daje sutra\u0161nja akcija delni\u010dkog Crvenog kri\u017ea, povodom Nacionalnog dana borbe protiv nasilja nad \u017eenama.<\/p>\n\n\n\n<p>Kako javljaju iz Gradskog dru\u0161tva Crvenog kri\u017ea Delnice, u ponedjeljak, 22. rujna, od 10:00 do 11:30 sati organiziraju podjelu promo-materijala u cilju osvje\u0161\u0107ivanje javnosti o nasilju u obitelji i podizanje svijesti o va\u017enosti sprje\u010davanja nasilja prema \u017eenama.<\/p>\n\n\n\n<p>Podjela promo-materijala i razgovor s gra\u0111anima odr\u017eati \u0107e se na Trgu 138. brigade HV (ispred tr\u017enice) i u Trgovini Valentin (jedinica). Dijeliti \u0107e se edukativno \u2013 promid\u017ebeni leci za pomo\u0107 \u017ertvama obiteljskog nasilja, educirati gra\u0111ane u cilju boljeg prepoznavanja obiteljskog nasilja.<\/p>\n\n\n\n<p>U suradnji sa Srednjom \u0161kolom Delnice, podijeliti \u0107e se u\u010denicima \u0160kole edukativno\u2013promid\u017ebeni leci s naglaskom na prepoznavanje obiteljskog nasilja, kako prepoznati \u017ertvu i \u0161to mogu u\u010diniti ako su \u017ertva nasilja ili prepoznaju nasilje.<\/p>\n\n\n\n<p>Obilje\u017eavanje Nacionalnog dana borbe protiv nasilja nad \u017eenama provodi se uz sklopu projekta \u201eMo\u017eemo li u\u010diniti ne\u0161to za \u017ertve nasilja u obitelji? \u2013 MO\u017dEMO! II\u201c financirano sredstvima Ministarstva rada i mirovinskoga sustava, obitelji i socijalne politike, a kojem je Grad Delnice partner.<\/p>\n\n\n\n<p>Nacionalni dan borbe protiv nasilja nad \u017eenama, u Hrvatskoj se obilje\u017eava u znak sje\u0107anja na tragi\u010dni doga\u0111aj od 22. rujna 1999. godine, kada su na Op\u0107inskom sudu u Zagrebu, tijekom brakorazvodne parnice, ubijene tri \u017eene, a jedna djelatnica suda te\u0161ko ozlije\u0111ena.<\/p>\n\n\n\n<p>Nasilje nad \u017eenama predstavlja ozbiljan dru\u0161tveni problem i kr\u0161enje osnovnih ljudskih prava, a Nacionalni dan podsje\u0107a na potrebu kontinuirane borbe protiv nasilja, poticanja me\u0111uinstitucionalne suradnje te pru\u017eanja adekvatne podr\u0161ke \u017eenama, \u017ertvama nasilja.<\/p>\n\n\n\n<p>Preuzeto sa:<br><a href=\"https:\/\/gorskenovosti.net\/2025\/09\/21\/crveni-kriz-poziva-dodite-razgovaramo-o-obiteljskom-nasilju-kako-ga-prepoznati-i-sto-uciniti\/\">https:\/\/gorskenovosti.net\/2025\/09\/21\/crveni-kriz-poziva-dodite-razgovaramo-o-obiteljskom-nasilju-kako-ga-prepoznati-i-sto-uciniti\/<\/a><\/p>\n\n\n\n<figure class=\"wp-block-gallery has-nested-images columns-default is-cropped wp-block-gallery-1 is-layout-flex wp-block-gallery-is-layout-flex\">\n<figure class=\"wp-block-image size-large\"><img decoding=\"async\" width=\"1080\" height=\"770\" data-id=\"2051\" data-src=\"https:\/\/crveni-kriz-delnice.hr\/wp-content\/uploads\/2025\/09\/CK-DE-Mozemo-2-letak-A4.jpg\" alt=\"\" class=\"wp-image-2051 lazyload\" src=\"data:image\/svg+xml;base64,PHN2ZyB3aWR0aD0iMSIgaGVpZ2h0PSIxIiB4bWxucz0iaHR0cDovL3d3dy53My5vcmcvMjAwMC9zdmciPjwvc3ZnPg==\" style=\"--smush-placeholder-width: 1080px; --smush-placeholder-aspect-ratio: 1080\/770;\" \/><\/figure>\n\n\n\n<figure class=\"wp-block-image size-large\"><img decoding=\"async\" width=\"1080\" height=\"770\" data-id=\"2052\" data-src=\"https:\/\/crveni-kriz-delnice.hr\/wp-content\/uploads\/2025\/09\/CK-DE-Mozemo-2-letak-A42.jpg\" alt=\"\" class=\"wp-image-2052 lazyload\" src=\"data:image\/svg+xml;base64,PHN2ZyB3aWR0aD0iMSIgaGVpZ2h0PSIxIiB4bWxucz0iaHR0cDovL3d3dy53My5vcmcvMjAwMC9zdmciPjwvc3ZnPg==\" style=\"--smush-placeholder-width: 1080px; --smush-placeholder-aspect-ratio: 1080\/770;\" \/><\/figure>\n<\/figure>\n","protected":false},"excerpt":{"rendered":"<p>DELNICE \u2013 Kako prepoznati \u017ertvu obiteljskog nasilja i \u0161to mogu u\u010diniti ako su \u017ertva nasilja ili prepoznaju nasilje, pitanja su na koje odgovore daje sutra\u0161nja akcija delni\u010dkog Crvenog kri\u017ea, povodom Nacionalnog dana borbe protiv nasilja nad \u017eenama. Kako javljaju iz Gradskog dru\u0161tva Crvenog kri\u017ea Delnice, u ponedjeljak, 22. rujna, od 10:00 do 11:30 sati organiziraju [&hellip;]<\/p>\n","protected":false},"author":1,"featured_media":2051,"comment_status":"closed","ping_status":"open","sticky":false,"template":"","format":"standard","meta":{"_et_pb_use_builder":"off","_et_pb_old_content":"","_et_gb_content_width":"","footnotes":""},"categories":[4],"tags":[],"class_list":["post-2050","post","type-post","status-publish","format-standard","has-post-thumbnail","hentry","category-vijesti"],"_links":{"self":[{"href":"https:\/\/crveni-kriz-delnice.hr\/index.php\/wp-json\/wp\/v2\/posts\/2050","targetHints":{"allow":["GET"]}}],"collection":[{"href":"https:\/\/crveni-kriz-delnice.hr\/index.php\/wp-json\/wp\/v2\/posts"}],"about":[{"href":"https:\/\/crveni-kriz-delnice.hr\/index.php\/wp-json\/wp\/v2\/types\/post"}],"author":[{"embeddable":true,"href":"https:\/\/crveni-kriz-delnice.hr\/index.php\/wp-json\/wp\/v2\/users\/1"}],"replies":[{"embeddable":true,"href":"https:\/\/crveni-kriz-delnice.hr\/index.php\/wp-json\/wp\/v2\/comments?post=2050"}],"version-history":[{"count":2,"href":"https:\/\/crveni-kriz-delnice.hr\/index.php\/wp-json\/wp\/v2\/posts\/2050\/revisions"}],"predecessor-version":[{"id":2055,"href":"https:\/\/crveni-kriz-delnice.hr\/index.php\/wp-json\/wp\/v2\/posts\/2050\/revisions\/2055"}],"wp:featuredmedia":[{"embeddable":true,"href":"https:\/\/crveni-kriz-delnice.hr\/index.php\/wp-json\/wp\/v2\/media\/2051"}],"wp:attachment":[{"href":"https:\/\/crveni-kriz-delnice.hr\/index.php\/wp-json\/wp\/v2\/media?parent=2050"}],"wp:term":[{"taxonomy":"category","embeddable":true,"href":"https:\/\/crveni-kriz-delnice.hr\/index.php\/wp-json\/wp\/v2\/categories?post=2050"},{"taxonomy":"post_tag","embeddable":true,"href":"https:\/\/crveni-kriz-delnice.hr\/index.php\/wp-json\/wp\/v2\/tags?post=2050"}],"curies":[{"name":"wp","href":"https:\/\/api.w.org\/{rel}","templated":true}]}}