{"id":2046,"date":"2025-09-08T12:05:40","date_gmt":"2025-09-08T12:05:40","guid":{"rendered":"https:\/\/crveni-kriz-delnice.hr\/?p=2046"},"modified":"2025-09-08T12:05:40","modified_gmt":"2025-09-08T12:05:40","slug":"prijavite-se-na-tecajeve-osposobljavanja-za-pruzanje-prve-pomoci","status":"publish","type":"post","link":"https:\/\/crveni-kriz-delnice.hr\/index.php\/prijavite-se-na-tecajeve-osposobljavanja-za-pruzanje-prve-pomoci\/","title":{"rendered":"Prijavite se na te\u010dajeve osposobljavanja za pru\u017eanje prve pomo\u0107i"},"content":{"rendered":"\n<p>Prijavite se na te\u010dajeve osposobljavanja za pru\u017eanje prve pomo\u0107i!<\/p>\n\n\n\n<p>Gradsko dru\u0161tvo Crvenog kri\u017ea Delnice organizira te\u010dajeve prve pomo\u0107i za radnike i polaznike auto\u0161kola.<\/p>\n\n\n\n<p>Te\u010dajevi se provode pod stru\u010dnim vodstvom licenciranog lije\u010dnika, a svi polaznici po zavr\u0161etku dobivaju slu\u017ebenu potvrdu o zavr\u0161enom programu.<\/p>\n\n\n\n<p>Cilj te\u010daja:<\/p>\n\n\n\n<ul class=\"wp-block-list\">\n<li>Pravovremena i ispravna reakcija u slu\u010daju nezgode<\/li>\n\n\n\n<li>Pove\u0107anje sigurnosti zaposlenika i gra\u0111ana \ud83d\udee1\ufe0f<\/li>\n\n\n\n<li>Smanjenje posljedica ozljeda na radu i u prometu<\/li>\n<\/ul>\n\n\n\n<p>Vi\u0161e informacija putem maila: <a href=\"mailto:hck.delnice@hi.t-com.hr\">hck.delnice@hi.t-com.hr<\/a> ili na broj mobitela: 099\/2547285<\/p>\n\n\n\n<figure class=\"wp-block-image size-full\"><img decoding=\"async\" width=\"512\" height=\"424\" data-src=\"https:\/\/crveni-kriz-delnice.hr\/wp-content\/uploads\/2025\/09\/Prva-pomoc2.jpg\" alt=\"\" class=\"wp-image-2047 lazyload\" src=\"data:image\/svg+xml;base64,PHN2ZyB3aWR0aD0iMSIgaGVpZ2h0PSIxIiB4bWxucz0iaHR0cDovL3d3dy53My5vcmcvMjAwMC9zdmciPjwvc3ZnPg==\" style=\"--smush-placeholder-width: 512px; --smush-placeholder-aspect-ratio: 512\/424;\" \/><\/figure>\n","protected":false},"excerpt":{"rendered":"<p>Prijavite se na te\u010dajeve osposobljavanja za pru\u017eanje prve pomo\u0107i! Gradsko dru\u0161tvo Crvenog kri\u017ea Delnice organizira te\u010dajeve prve pomo\u0107i za radnike i polaznike auto\u0161kola. Te\u010dajevi se provode pod stru\u010dnim vodstvom licenciranog lije\u010dnika, a svi polaznici po zavr\u0161etku dobivaju slu\u017ebenu potvrdu o zavr\u0161enom programu. Cilj te\u010daja: Vi\u0161e informacija putem maila: hck.delnice@hi.t-com.hr ili na broj mobitela: 099\/2547285<\/p>\n","protected":false},"author":1,"featured_media":2047,"comment_status":"closed","ping_status":"open","sticky":false,"template":"","format":"standard","meta":{"_et_pb_use_builder":"off","_et_pb_old_content":"","_et_gb_content_width":"","footnotes":""},"categories":[4],"tags":[],"class_list":["post-2046","post","type-post","status-publish","format-standard","has-post-thumbnail","hentry","category-vijesti"],"_links":{"self":[{"href":"https:\/\/crveni-kriz-delnice.hr\/index.php\/wp-json\/wp\/v2\/posts\/2046","targetHints":{"allow":["GET"]}}],"collection":[{"href":"https:\/\/crveni-kriz-delnice.hr\/index.php\/wp-json\/wp\/v2\/posts"}],"about":[{"href":"https:\/\/crveni-kriz-delnice.hr\/index.php\/wp-json\/wp\/v2\/types\/post"}],"author":[{"embeddable":true,"href":"https:\/\/crveni-kriz-delnice.hr\/index.php\/wp-json\/wp\/v2\/users\/1"}],"replies":[{"embeddable":true,"href":"https:\/\/crveni-kriz-delnice.hr\/index.php\/wp-json\/wp\/v2\/comments?post=2046"}],"version-history":[{"count":1,"href":"https:\/\/crveni-kriz-delnice.hr\/index.php\/wp-json\/wp\/v2\/posts\/2046\/revisions"}],"predecessor-version":[{"id":2048,"href":"https:\/\/crveni-kriz-delnice.hr\/index.php\/wp-json\/wp\/v2\/posts\/2046\/revisions\/2048"}],"wp:featuredmedia":[{"embeddable":true,"href":"https:\/\/crveni-kriz-delnice.hr\/index.php\/wp-json\/wp\/v2\/media\/2047"}],"wp:attachment":[{"href":"https:\/\/crveni-kriz-delnice.hr\/index.php\/wp-json\/wp\/v2\/media?parent=2046"}],"wp:term":[{"taxonomy":"category","embeddable":true,"href":"https:\/\/crveni-kriz-delnice.hr\/index.php\/wp-json\/wp\/v2\/categories?post=2046"},{"taxonomy":"post_tag","embeddable":true,"href":"https:\/\/crveni-kriz-delnice.hr\/index.php\/wp-json\/wp\/v2\/tags?post=2046"}],"curies":[{"name":"wp","href":"https:\/\/api.w.org\/{rel}","templated":true}]}}