{"id":1962,"date":"2025-08-14T06:44:45","date_gmt":"2025-08-14T06:44:45","guid":{"rendered":"https:\/\/crveni-kriz-delnice.hr\/?p=1962"},"modified":"2025-08-28T06:45:51","modified_gmt":"2025-08-28T06:45:51","slug":"mozemo-li-uciniti-nesto-za-zrtve-nasilja-u-obitelji-mozemo","status":"publish","type":"post","link":"https:\/\/crveni-kriz-delnice.hr\/index.php\/mozemo-li-uciniti-nesto-za-zrtve-nasilja-u-obitelji-mozemo\/","title":{"rendered":"Mo\u017eemo li u\u010diniti ne\u0161to za \u017ertve nasilja u obitelji? &#8211; Mo\u017eemo!"},"content":{"rendered":"\n<p>Iako je ljeto u punom zamahu, nismo propustili priliku da u neformalnom razgovoru dogovorimo dinamiku i aktivnosti provedbe projekta &#8220;Mo\u017eemo li u\u010diniti ne\u0161to za \u017ertve nasilja u obitelji? &#8211; Mo\u017eemo!&#8221; \u017delimo da \u0161to kvalitetnije na\u0161im gra\u0111anima uka\u017eemo na postoje\u0107i problem i pomognemo \u017ertvama nasilja u obitelji.<\/p>\n\n\n\n<figure class=\"wp-block-gallery has-nested-images columns-default is-cropped wp-block-gallery-1 is-layout-flex wp-block-gallery-is-layout-flex\">\n<figure class=\"wp-block-image size-large\"><img decoding=\"async\" width=\"1600\" height=\"1200\" data-id=\"1963\" data-src=\"https:\/\/crveni-kriz-delnice.hr\/wp-content\/uploads\/2025\/08\/516375094_122171597648542096_1874426551557984720_n.jpg\" alt=\"\" class=\"wp-image-1963 lazyload\" src=\"data:image\/svg+xml;base64,PHN2ZyB3aWR0aD0iMSIgaGVpZ2h0PSIxIiB4bWxucz0iaHR0cDovL3d3dy53My5vcmcvMjAwMC9zdmciPjwvc3ZnPg==\" style=\"--smush-placeholder-width: 1600px; --smush-placeholder-aspect-ratio: 1600\/1200;\" \/><\/figure>\n\n\n\n<figure class=\"wp-block-image size-large\"><img decoding=\"async\" width=\"1600\" height=\"1200\" data-id=\"1964\" data-src=\"https:\/\/crveni-kriz-delnice.hr\/wp-content\/uploads\/2025\/08\/519409132_122171597702542096_4208353529437917768_n.jpg\" alt=\"\" class=\"wp-image-1964 lazyload\" src=\"data:image\/svg+xml;base64,PHN2ZyB3aWR0aD0iMSIgaGVpZ2h0PSIxIiB4bWxucz0iaHR0cDovL3d3dy53My5vcmcvMjAwMC9zdmciPjwvc3ZnPg==\" style=\"--smush-placeholder-width: 1600px; --smush-placeholder-aspect-ratio: 1600\/1200;\" \/><\/figure>\n<\/figure>\n","protected":false},"excerpt":{"rendered":"<p>Iako je ljeto u punom zamahu, nismo propustili priliku da u neformalnom razgovoru dogovorimo dinamiku i aktivnosti provedbe projekta &#8220;Mo\u017eemo li u\u010diniti ne\u0161to za \u017ertve nasilja u obitelji? &#8211; Mo\u017eemo!&#8221; \u017delimo da \u0161to kvalitetnije na\u0161im gra\u0111anima uka\u017eemo na postoje\u0107i problem i pomognemo \u017ertvama nasilja u obitelji.<\/p>\n","protected":false},"author":1,"featured_media":1963,"comment_status":"closed","ping_status":"open","sticky":false,"template":"","format":"standard","meta":{"_et_pb_use_builder":"off","_et_pb_old_content":"","_et_gb_content_width":"","footnotes":""},"categories":[9,4],"tags":[],"class_list":["post-1962","post","type-post","status-publish","format-standard","has-post-thumbnail","hentry","category-mozemo","category-vijesti"],"_links":{"self":[{"href":"https:\/\/crveni-kriz-delnice.hr\/index.php\/wp-json\/wp\/v2\/posts\/1962","targetHints":{"allow":["GET"]}}],"collection":[{"href":"https:\/\/crveni-kriz-delnice.hr\/index.php\/wp-json\/wp\/v2\/posts"}],"about":[{"href":"https:\/\/crveni-kriz-delnice.hr\/index.php\/wp-json\/wp\/v2\/types\/post"}],"author":[{"embeddable":true,"href":"https:\/\/crveni-kriz-delnice.hr\/index.php\/wp-json\/wp\/v2\/users\/1"}],"replies":[{"embeddable":true,"href":"https:\/\/crveni-kriz-delnice.hr\/index.php\/wp-json\/wp\/v2\/comments?post=1962"}],"version-history":[{"count":1,"href":"https:\/\/crveni-kriz-delnice.hr\/index.php\/wp-json\/wp\/v2\/posts\/1962\/revisions"}],"predecessor-version":[{"id":1965,"href":"https:\/\/crveni-kriz-delnice.hr\/index.php\/wp-json\/wp\/v2\/posts\/1962\/revisions\/1965"}],"wp:featuredmedia":[{"embeddable":true,"href":"https:\/\/crveni-kriz-delnice.hr\/index.php\/wp-json\/wp\/v2\/media\/1963"}],"wp:attachment":[{"href":"https:\/\/crveni-kriz-delnice.hr\/index.php\/wp-json\/wp\/v2\/media?parent=1962"}],"wp:term":[{"taxonomy":"category","embeddable":true,"href":"https:\/\/crveni-kriz-delnice.hr\/index.php\/wp-json\/wp\/v2\/categories?post=1962"},{"taxonomy":"post_tag","embeddable":true,"href":"https:\/\/crveni-kriz-delnice.hr\/index.php\/wp-json\/wp\/v2\/tags?post=1962"}],"curies":[{"name":"wp","href":"https:\/\/api.w.org\/{rel}","templated":true}]}}