{"id":1825,"date":"2025-06-06T08:27:09","date_gmt":"2025-06-06T08:27:09","guid":{"rendered":"https:\/\/crveni-kriz-delnice.hr\/?p=1825"},"modified":"2025-06-06T08:27:22","modified_gmt":"2025-06-06T08:27:22","slug":"posjetili-su-nas-iz-ministarstva-demografije-i-useljenistva","status":"publish","type":"post","link":"https:\/\/crveni-kriz-delnice.hr\/index.php\/posjetili-su-nas-iz-ministarstva-demografije-i-useljenistva\/","title":{"rendered":"Posjetili su nas iz Ministarstva demografije i useljeni\u0161tva"},"content":{"rendered":"\n<p>Posjetili su nas iz Ministarstva demografije i useljeni\u0161tva koji financiraju provedbu projekta \u010carolija roditelja 2 &#8211; SAVJETOVALI\u0160TE IZVOR kako bi stekli uvid u provedbu projekta.<\/p>\n\n\n\n<figure class=\"wp-block-image size-full\"><img decoding=\"async\" width=\"2048\" height=\"1536\" data-src=\"https:\/\/crveni-kriz-delnice.hr\/wp-content\/uploads\/2025\/06\/501244801_122159389208542096_5298829535075670039_n.jpg\" alt=\"\" class=\"wp-image-1826 lazyload\" src=\"data:image\/svg+xml;base64,PHN2ZyB3aWR0aD0iMSIgaGVpZ2h0PSIxIiB4bWxucz0iaHR0cDovL3d3dy53My5vcmcvMjAwMC9zdmciPjwvc3ZnPg==\" style=\"--smush-placeholder-width: 2048px; --smush-placeholder-aspect-ratio: 2048\/1536;\" \/><\/figure>\n","protected":false},"excerpt":{"rendered":"<p>Posjetili su nas iz Ministarstva demografije i useljeni\u0161tva koji financiraju provedbu projekta \u010carolija roditelja 2 &#8211; SAVJETOVALI\u0160TE IZVOR kako bi stekli uvid u provedbu projekta.<\/p>\n","protected":false},"author":1,"featured_media":1826,"comment_status":"closed","ping_status":"open","sticky":false,"template":"","format":"standard","meta":{"_et_pb_use_builder":"off","_et_pb_old_content":"","_et_gb_content_width":"","footnotes":""},"categories":[8,4],"tags":[],"class_list":["post-1825","post","type-post","status-publish","format-standard","has-post-thumbnail","hentry","category-carolija-roditelja","category-vijesti"],"_links":{"self":[{"href":"https:\/\/crveni-kriz-delnice.hr\/index.php\/wp-json\/wp\/v2\/posts\/1825","targetHints":{"allow":["GET"]}}],"collection":[{"href":"https:\/\/crveni-kriz-delnice.hr\/index.php\/wp-json\/wp\/v2\/posts"}],"about":[{"href":"https:\/\/crveni-kriz-delnice.hr\/index.php\/wp-json\/wp\/v2\/types\/post"}],"author":[{"embeddable":true,"href":"https:\/\/crveni-kriz-delnice.hr\/index.php\/wp-json\/wp\/v2\/users\/1"}],"replies":[{"embeddable":true,"href":"https:\/\/crveni-kriz-delnice.hr\/index.php\/wp-json\/wp\/v2\/comments?post=1825"}],"version-history":[{"count":1,"href":"https:\/\/crveni-kriz-delnice.hr\/index.php\/wp-json\/wp\/v2\/posts\/1825\/revisions"}],"predecessor-version":[{"id":1827,"href":"https:\/\/crveni-kriz-delnice.hr\/index.php\/wp-json\/wp\/v2\/posts\/1825\/revisions\/1827"}],"wp:featuredmedia":[{"embeddable":true,"href":"https:\/\/crveni-kriz-delnice.hr\/index.php\/wp-json\/wp\/v2\/media\/1826"}],"wp:attachment":[{"href":"https:\/\/crveni-kriz-delnice.hr\/index.php\/wp-json\/wp\/v2\/media?parent=1825"}],"wp:term":[{"taxonomy":"category","embeddable":true,"href":"https:\/\/crveni-kriz-delnice.hr\/index.php\/wp-json\/wp\/v2\/categories?post=1825"},{"taxonomy":"post_tag","embeddable":true,"href":"https:\/\/crveni-kriz-delnice.hr\/index.php\/wp-json\/wp\/v2\/tags?post=1825"}],"curies":[{"name":"wp","href":"https:\/\/api.w.org\/{rel}","templated":true}]}}