{"id":1807,"date":"2025-06-02T08:40:50","date_gmt":"2025-06-02T08:40:50","guid":{"rendered":"https:\/\/crveni-kriz-delnice.hr\/?p=1807"},"modified":"2025-06-03T08:43:05","modified_gmt":"2025-06-03T08:43:05","slug":"dogovor-o-daljnjem-radu-u-provedbi-projekata-carolija-roditelja-2-i-mozemo2","status":"publish","type":"post","link":"https:\/\/crveni-kriz-delnice.hr\/index.php\/dogovor-o-daljnjem-radu-u-provedbi-projekata-carolija-roditelja-2-i-mozemo2\/","title":{"rendered":"Dogovor o daljnjem radu u provedbi projekata \u010carolija roditelja 2 i Mo\u017eemo!2"},"content":{"rendered":"\n<p>Jo\u0161 jedan sastanak u nizu i dogovor o daljem radu u provedbi projekata \u010carolija roditelja 2 i Mo\u017eemo li u\u010diniti ne\u0161to za \u017ertve nasilja u obitelji? Mo\u017eemo!2<\/p>\n\n\n\n<p>Sve se to mo\u017ee u\u010diniti uz kavu i pala\u010dinke \ud83d\ude42<\/p>\n\n\n\n<figure class=\"wp-block-gallery has-nested-images columns-default is-cropped wp-block-gallery-1 is-layout-flex wp-block-gallery-is-layout-flex\">\n<figure class=\"wp-block-image size-large\"><img decoding=\"async\" width=\"400\" height=\"533\" data-id=\"1808\" data-src=\"https:\/\/crveni-kriz-delnice.hr\/wp-content\/uploads\/2025\/06\/497958430_122159036228542096_3510674237432821007_n.jpg\" alt=\"\" class=\"wp-image-1808 lazyload\" src=\"data:image\/svg+xml;base64,PHN2ZyB3aWR0aD0iMSIgaGVpZ2h0PSIxIiB4bWxucz0iaHR0cDovL3d3dy53My5vcmcvMjAwMC9zdmciPjwvc3ZnPg==\" style=\"--smush-placeholder-width: 400px; --smush-placeholder-aspect-ratio: 400\/533;\" \/><\/figure>\n\n\n\n<figure class=\"wp-block-image size-large\"><img decoding=\"async\" width=\"400\" height=\"533\" data-id=\"1809\" data-src=\"https:\/\/crveni-kriz-delnice.hr\/wp-content\/uploads\/2025\/06\/503738746_122159036288542096_5543219940102067952_n.jpg\" alt=\"\" class=\"wp-image-1809 lazyload\" src=\"data:image\/svg+xml;base64,PHN2ZyB3aWR0aD0iMSIgaGVpZ2h0PSIxIiB4bWxucz0iaHR0cDovL3d3dy53My5vcmcvMjAwMC9zdmciPjwvc3ZnPg==\" style=\"--smush-placeholder-width: 400px; --smush-placeholder-aspect-ratio: 400\/533;\" \/><\/figure>\n<\/figure>\n","protected":false},"excerpt":{"rendered":"<p>Jo\u0161 jedan sastanak u nizu i dogovor o daljem radu u provedbi projekata \u010carolija roditelja 2 i Mo\u017eemo li u\u010diniti ne\u0161to za \u017ertve nasilja u obitelji? Mo\u017eemo!2 Sve se to mo\u017ee u\u010diniti uz kavu i pala\u010dinke \ud83d\ude42<\/p>\n","protected":false},"author":1,"featured_media":1808,"comment_status":"closed","ping_status":"open","sticky":false,"template":"","format":"standard","meta":{"_et_pb_use_builder":"off","_et_pb_old_content":"","_et_gb_content_width":"","footnotes":""},"categories":[8,9,4],"tags":[],"class_list":["post-1807","post","type-post","status-publish","format-standard","has-post-thumbnail","hentry","category-carolija-roditelja","category-mozemo","category-vijesti"],"_links":{"self":[{"href":"https:\/\/crveni-kriz-delnice.hr\/index.php\/wp-json\/wp\/v2\/posts\/1807","targetHints":{"allow":["GET"]}}],"collection":[{"href":"https:\/\/crveni-kriz-delnice.hr\/index.php\/wp-json\/wp\/v2\/posts"}],"about":[{"href":"https:\/\/crveni-kriz-delnice.hr\/index.php\/wp-json\/wp\/v2\/types\/post"}],"author":[{"embeddable":true,"href":"https:\/\/crveni-kriz-delnice.hr\/index.php\/wp-json\/wp\/v2\/users\/1"}],"replies":[{"embeddable":true,"href":"https:\/\/crveni-kriz-delnice.hr\/index.php\/wp-json\/wp\/v2\/comments?post=1807"}],"version-history":[{"count":1,"href":"https:\/\/crveni-kriz-delnice.hr\/index.php\/wp-json\/wp\/v2\/posts\/1807\/revisions"}],"predecessor-version":[{"id":1810,"href":"https:\/\/crveni-kriz-delnice.hr\/index.php\/wp-json\/wp\/v2\/posts\/1807\/revisions\/1810"}],"wp:featuredmedia":[{"embeddable":true,"href":"https:\/\/crveni-kriz-delnice.hr\/index.php\/wp-json\/wp\/v2\/media\/1808"}],"wp:attachment":[{"href":"https:\/\/crveni-kriz-delnice.hr\/index.php\/wp-json\/wp\/v2\/media?parent=1807"}],"wp:term":[{"taxonomy":"category","embeddable":true,"href":"https:\/\/crveni-kriz-delnice.hr\/index.php\/wp-json\/wp\/v2\/categories?post=1807"},{"taxonomy":"post_tag","embeddable":true,"href":"https:\/\/crveni-kriz-delnice.hr\/index.php\/wp-json\/wp\/v2\/tags?post=1807"}],"curies":[{"name":"wp","href":"https:\/\/api.w.org\/{rel}","templated":true}]}}