{"id":1762,"date":"2025-04-08T10:37:59","date_gmt":"2025-04-08T10:37:59","guid":{"rendered":"https:\/\/crveni-kriz-delnice.hr\/?p=1762"},"modified":"2025-06-02T10:39:47","modified_gmt":"2025-06-02T10:39:47","slug":"os-ravna-gora-u-sklopu-provedbe-projekta-carolija-roditelja-ii-savjetovaliste-izvor","status":"publish","type":"post","link":"https:\/\/crveni-kriz-delnice.hr\/index.php\/os-ravna-gora-u-sklopu-provedbe-projekta-carolija-roditelja-ii-savjetovaliste-izvor\/","title":{"rendered":"O\u0160 Ravna Gora u sklopu provedbe projekta \u201e\u010carolija roditelja II- Savjetovali\u0161te IZVOR&#8221;"},"content":{"rendered":"\n<p>Kako balansirati i uskladiti poslovne obaveze i obiteljski \u017eivot? Kako pobolj\u0161ati odnose unutar obitelji?<\/p>\n\n\n\n<p>Koja je tajna formula \u010darolije roditelja nedavno su saznali roditelji u\u010denika O\u0160 Ravne Gore u sklopu provedbe projekta \u201e\u010carolija roditelja II- Savjetovali\u0161te IZVOR\u201c financiran sredstvima Ministarstva demografije i useljeni\u0161tva.<\/p>\n\n\n\n<figure class=\"wp-block-video\"><video controls src=\"https:\/\/www.facebook.com\/reel\/629466569848876\"><\/video><\/figure>\n","protected":false},"excerpt":{"rendered":"<p>Kako balansirati i uskladiti poslovne obaveze i obiteljski \u017eivot? Kako pobolj\u0161ati odnose unutar obitelji? Koja je tajna formula \u010darolije roditelja nedavno su saznali roditelji u\u010denika O\u0160 Ravne Gore u sklopu provedbe projekta \u201e\u010carolija roditelja II- Savjetovali\u0161te IZVOR\u201c financiran sredstvima Ministarstva demografije i useljeni\u0161tva.<\/p>\n","protected":false},"author":1,"featured_media":0,"comment_status":"closed","ping_status":"open","sticky":false,"template":"","format":"standard","meta":{"_et_pb_use_builder":"off","_et_pb_old_content":"","_et_gb_content_width":"","footnotes":""},"categories":[8,4],"tags":[],"class_list":["post-1762","post","type-post","status-publish","format-standard","hentry","category-carolija-roditelja","category-vijesti"],"_links":{"self":[{"href":"https:\/\/crveni-kriz-delnice.hr\/index.php\/wp-json\/wp\/v2\/posts\/1762","targetHints":{"allow":["GET"]}}],"collection":[{"href":"https:\/\/crveni-kriz-delnice.hr\/index.php\/wp-json\/wp\/v2\/posts"}],"about":[{"href":"https:\/\/crveni-kriz-delnice.hr\/index.php\/wp-json\/wp\/v2\/types\/post"}],"author":[{"embeddable":true,"href":"https:\/\/crveni-kriz-delnice.hr\/index.php\/wp-json\/wp\/v2\/users\/1"}],"replies":[{"embeddable":true,"href":"https:\/\/crveni-kriz-delnice.hr\/index.php\/wp-json\/wp\/v2\/comments?post=1762"}],"version-history":[{"count":1,"href":"https:\/\/crveni-kriz-delnice.hr\/index.php\/wp-json\/wp\/v2\/posts\/1762\/revisions"}],"predecessor-version":[{"id":1763,"href":"https:\/\/crveni-kriz-delnice.hr\/index.php\/wp-json\/wp\/v2\/posts\/1762\/revisions\/1763"}],"wp:attachment":[{"href":"https:\/\/crveni-kriz-delnice.hr\/index.php\/wp-json\/wp\/v2\/media?parent=1762"}],"wp:term":[{"taxonomy":"category","embeddable":true,"href":"https:\/\/crveni-kriz-delnice.hr\/index.php\/wp-json\/wp\/v2\/categories?post=1762"},{"taxonomy":"post_tag","embeddable":true,"href":"https:\/\/crveni-kriz-delnice.hr\/index.php\/wp-json\/wp\/v2\/tags?post=1762"}],"curies":[{"name":"wp","href":"https:\/\/api.w.org\/{rel}","templated":true}]}}