{"id":1755,"date":"2025-01-16T10:31:10","date_gmt":"2025-01-16T10:31:10","guid":{"rendered":"https:\/\/crveni-kriz-delnice.hr\/?p=1755"},"modified":"2025-06-02T10:33:16","modified_gmt":"2025-06-02T10:33:16","slug":"u-prostorijama-gdck-a-delnice-odrzana-je-konferencija-za-medije-na-kojoj-je-predstavljen-projekt-carolija-roditelja-ii-savjetovaliste-izvor","status":"publish","type":"post","link":"https:\/\/crveni-kriz-delnice.hr\/index.php\/u-prostorijama-gdck-a-delnice-odrzana-je-konferencija-za-medije-na-kojoj-je-predstavljen-projekt-carolija-roditelja-ii-savjetovaliste-izvor\/","title":{"rendered":"U prostorijama GDCK-a Delnice odr\u017eana je konferencija za medije na kojoj je predstavljen projekt \u201d\u010carolija roditelja II \u2013 Savjetovali\u0161te IZVOR\u201d"},"content":{"rendered":"\n<p>U prostorijama GDCK-a Delnice odr\u017eana je konferencija za medije gdje je predstavljen projekt \u201d \u010carolija roditelja II \u2013 Savjetovali\u0161te IZVOR\u201d \u010diji je nositelj Hrvatski Crveni kri\u017e Gradsko dru\u0161tvo Crvenog kri\u017ea Delnice, uz partnere Hrvatski zavod za socijalni rad \u2013 Podru\u010dni ured Rijeka, Osnovnu \u0161kolu Brod Moravice, Osnovnu \u0161kolu Dr. Branimira Markovi\u0107a, Dje\u010dji vrti\u0107 \u201eSnje\u0161ko\u201c, Ravna Gora, Dje\u010dji vrti\u0107 \u201eSnje\u017ena pahulja\u201c, Fu\u017eine te suradnike iz Odsjeka za pedagogiju \u2013 Filozofski Fakultet u Rijeci.<\/p>\n\n\n\n<p>Projekt \u0107e trajati od 1. prosinca 2024. do 31. srpnja 2025., a financiran je u 100 postotnom iznosu bespovratnim sredstvima te je vrijednost projekta 9.137,48 \u20ac. Kako je navela ravnateljica GDCK-a Delnice Snje\u017eana Krizmani\u0107, me\u0111u ciljevima projekta su pru\u017eanje aktivne podr\u0161ke obitelji usmjerenih promicanju ravnopravnog roditeljstva, promoviranje aktivne uloge o\u010deva u ranom razvoju djeteta te postizanje vi\u0161eg stupnja rodne ravnopravnosti unutar obitelji, na podru\u010dju 3 op\u0107ina Gorskog kotara. Provoditelji te nositelji provedbe projekta su Volonteri GDCK-a Delnice i Savjetovali\u0161ta IZVOR- Tanja Jakovac, Ksenija Petelin i Snje\u017eana Krizmani\u0107.<\/p>\n\n\n\n<p>Me\u0111u planiranim aktivnostima su :savjetodavni i psihoterapijski rad tijekom provedbe projekta, 10 radionica s roditeljima, 2 radio \u2013 emisije, edukacija studenata u\u010diteljskog i filozofskog fakulteta u Rijeci, promotivne aktivnosti te dijeljenje edukativno \u2013 promid\u017ebenih materijala i edukacija Izvoditelja aktivnosti.<\/p>\n\n\n\n<p>Na predstavljanju projekta nazo\u010dne su bile Tanja Jakovac, prof. pedagogije, savjetnik psihoterapeut realitetne terapije koja je pojasnila benefite ovog projekta, Helena Skender-ravnateljica DV \u201eSnje\u0161ko\u201c Ravna Gora koja je poru\u010dila da su ovakvi projekti itekako va\u017eni u djetetovom, ali i roditeljevom \u017eivotu te da se oni i ina\u010de trude raznim projektima i radionicama biti podr\u0161ka roditeljima. Na nju se nadovezala ravnateljica DV \u201eSnje\u017ena pahulja\u201c Fu\u017eine Mirna \u0160vast koja je pojasnila da im je iznimno drago biti dio ovog projekta jer vrti\u0107 vide kao produ\u017eenu ruku obitelji te da je u dana\u0161nje vrijeme izuzetno te\u0161ko biti roditelj. Pri kraju, nazo\u010dnima se obratila i ravnateljica Osnovne \u0161kole Dr. Branimira Markovi\u0107a iz Ravne Gore Nata\u0161a Mo\u017egon Kauzlari\u0107 koja je navela da im je \u010dast ponovno biti dio ove pri\u010de pogotovo kada se sada u pri\u010du uklju\u010duju i vrti\u0107i te da se nada da \u0107e se zajedni\u010dkim snagama posti\u0107i puno vi\u0161e.<\/p>\n\n\n\n<p><a href=\"https:\/\/rgk.hr\/u-prostorijama-gdck-a-delnice-odrzana-je-konferencija-za-medije-na-kojoj-je-predstavljen-projekt-carolija-roditelja-ii-savjetovaliste-izvor\/\">https:\/\/rgk.hr\/u-prostorijama-gdck-a-delnice-odrzana-je-konferencija-za-medije-na-kojoj-je-predstavljen-projekt-carolija-roditelja-ii-savjetovaliste-izvor\/<\/a><\/p>\n","protected":false},"excerpt":{"rendered":"<p>U prostorijama GDCK-a Delnice odr\u017eana je konferencija za medije gdje je predstavljen projekt \u201d \u010carolija roditelja II \u2013 Savjetovali\u0161te IZVOR\u201d \u010diji je nositelj Hrvatski Crveni kri\u017e Gradsko dru\u0161tvo Crvenog kri\u017ea Delnice, uz partnere Hrvatski zavod za socijalni rad \u2013 Podru\u010dni ured Rijeka, Osnovnu \u0161kolu Brod Moravice, Osnovnu \u0161kolu Dr. Branimira Markovi\u0107a, Dje\u010dji vrti\u0107 \u201eSnje\u0161ko\u201c, Ravna [&hellip;]<\/p>\n","protected":false},"author":1,"featured_media":0,"comment_status":"closed","ping_status":"open","sticky":false,"template":"","format":"standard","meta":{"_et_pb_use_builder":"off","_et_pb_old_content":"","_et_gb_content_width":"","footnotes":""},"categories":[8,4],"tags":[],"class_list":["post-1755","post","type-post","status-publish","format-standard","hentry","category-carolija-roditelja","category-vijesti"],"_links":{"self":[{"href":"https:\/\/crveni-kriz-delnice.hr\/index.php\/wp-json\/wp\/v2\/posts\/1755","targetHints":{"allow":["GET"]}}],"collection":[{"href":"https:\/\/crveni-kriz-delnice.hr\/index.php\/wp-json\/wp\/v2\/posts"}],"about":[{"href":"https:\/\/crveni-kriz-delnice.hr\/index.php\/wp-json\/wp\/v2\/types\/post"}],"author":[{"embeddable":true,"href":"https:\/\/crveni-kriz-delnice.hr\/index.php\/wp-json\/wp\/v2\/users\/1"}],"replies":[{"embeddable":true,"href":"https:\/\/crveni-kriz-delnice.hr\/index.php\/wp-json\/wp\/v2\/comments?post=1755"}],"version-history":[{"count":1,"href":"https:\/\/crveni-kriz-delnice.hr\/index.php\/wp-json\/wp\/v2\/posts\/1755\/revisions"}],"predecessor-version":[{"id":1756,"href":"https:\/\/crveni-kriz-delnice.hr\/index.php\/wp-json\/wp\/v2\/posts\/1755\/revisions\/1756"}],"wp:attachment":[{"href":"https:\/\/crveni-kriz-delnice.hr\/index.php\/wp-json\/wp\/v2\/media?parent=1755"}],"wp:term":[{"taxonomy":"category","embeddable":true,"href":"https:\/\/crveni-kriz-delnice.hr\/index.php\/wp-json\/wp\/v2\/categories?post=1755"},{"taxonomy":"post_tag","embeddable":true,"href":"https:\/\/crveni-kriz-delnice.hr\/index.php\/wp-json\/wp\/v2\/tags?post=1755"}],"curies":[{"name":"wp","href":"https:\/\/api.w.org\/{rel}","templated":true}]}}