{"id":1478,"date":"2024-12-18T10:08:41","date_gmt":"2024-12-18T10:08:41","guid":{"rendered":"https:\/\/crveni-kriz-delnice.hr\/?p=1478"},"modified":"2024-12-18T10:08:41","modified_gmt":"2024-12-18T10:08:41","slug":"koordinacija-sa-gerontodomacicama-iz-programa-zazeli-faza-iv","status":"publish","type":"post","link":"https:\/\/crveni-kriz-delnice.hr\/index.php\/koordinacija-sa-gerontodomacicama-iz-programa-zazeli-faza-iv\/","title":{"rendered":"Koordinacija sa gerontodoma\u010dicama iz programa Za\u017eeli faza IV"},"content":{"rendered":"\n<p>Odr\u017eali smo koordinaciju sa gerontodoma\u010dicama iz programa Za\u017eeli faza IV.<\/p>\n\n\n\n<p>Uz ugodno dru\u017eenje postavili smo nove ciljeve za sljede\u0107u godinu kako bi na\u0161im korisnicima pru\u017eili \u0161to kvalitetniju uslugu.<\/p>\n\n\n\n<p>Kako bi unaprijedili svoje usluge sudjelovali smo na radionici Tanje Jakovac u sklopu projekta &#8220;Mo\u017eemo II&#8221; kojeg provodi Crveni kri\u017e Delnice. Tema radionice &#8220;Nasilje u obitelji prema osobama starije \u017eivotne dobi i obrnuto&#8221; dala nam je neka nova saznanja kako razumjeti starije osobe, ali i na koji na\u010din prepoznati nasilje u obiteljima te kako postupiti u tom trenutku.<\/p>\n\n\n\n<p>Predavanje je bilo veoma zanimljivo i pou\u010dno.<\/p>\n\n\n\n<figure class=\"wp-block-gallery has-nested-images columns-default is-cropped wp-block-gallery-1 is-layout-flex wp-block-gallery-is-layout-flex\">\n<figure class=\"wp-block-image size-large\"><img decoding=\"async\" width=\"1080\" height=\"810\" data-id=\"1482\" data-src=\"https:\/\/crveni-kriz-delnice.hr\/wp-content\/uploads\/2024\/12\/2.jpg\" alt=\"\" class=\"wp-image-1482 lazyload\" src=\"data:image\/svg+xml;base64,PHN2ZyB3aWR0aD0iMSIgaGVpZ2h0PSIxIiB4bWxucz0iaHR0cDovL3d3dy53My5vcmcvMjAwMC9zdmciPjwvc3ZnPg==\" style=\"--smush-placeholder-width: 1080px; --smush-placeholder-aspect-ratio: 1080\/810;\" \/><\/figure>\n\n\n\n<figure class=\"wp-block-image size-large\"><img decoding=\"async\" width=\"1080\" height=\"810\" data-id=\"1480\" data-src=\"https:\/\/crveni-kriz-delnice.hr\/wp-content\/uploads\/2024\/12\/3.jpg\" alt=\"\" class=\"wp-image-1480 lazyload\" src=\"data:image\/svg+xml;base64,PHN2ZyB3aWR0aD0iMSIgaGVpZ2h0PSIxIiB4bWxucz0iaHR0cDovL3d3dy53My5vcmcvMjAwMC9zdmciPjwvc3ZnPg==\" style=\"--smush-placeholder-width: 1080px; --smush-placeholder-aspect-ratio: 1080\/810;\" \/><\/figure>\n\n\n\n<figure class=\"wp-block-image size-large\"><img decoding=\"async\" width=\"1080\" height=\"810\" data-id=\"1481\" data-src=\"https:\/\/crveni-kriz-delnice.hr\/wp-content\/uploads\/2024\/12\/4.jpg\" alt=\"\" class=\"wp-image-1481 lazyload\" src=\"data:image\/svg+xml;base64,PHN2ZyB3aWR0aD0iMSIgaGVpZ2h0PSIxIiB4bWxucz0iaHR0cDovL3d3dy53My5vcmcvMjAwMC9zdmciPjwvc3ZnPg==\" style=\"--smush-placeholder-width: 1080px; --smush-placeholder-aspect-ratio: 1080\/810;\" \/><\/figure>\n\n\n\n<figure class=\"wp-block-image size-large\"><img decoding=\"async\" width=\"1080\" height=\"810\" data-id=\"1483\" data-src=\"https:\/\/crveni-kriz-delnice.hr\/wp-content\/uploads\/2024\/12\/5.jpg\" alt=\"\" class=\"wp-image-1483 lazyload\" src=\"data:image\/svg+xml;base64,PHN2ZyB3aWR0aD0iMSIgaGVpZ2h0PSIxIiB4bWxucz0iaHR0cDovL3d3dy53My5vcmcvMjAwMC9zdmciPjwvc3ZnPg==\" style=\"--smush-placeholder-width: 1080px; --smush-placeholder-aspect-ratio: 1080\/810;\" \/><\/figure>\n\n\n\n<figure class=\"wp-block-image size-large\"><img decoding=\"async\" width=\"1080\" height=\"810\" data-id=\"1479\" data-src=\"https:\/\/crveni-kriz-delnice.hr\/wp-content\/uploads\/2024\/12\/1.jpg\" alt=\"\" class=\"wp-image-1479 lazyload\" src=\"data:image\/svg+xml;base64,PHN2ZyB3aWR0aD0iMSIgaGVpZ2h0PSIxIiB4bWxucz0iaHR0cDovL3d3dy53My5vcmcvMjAwMC9zdmciPjwvc3ZnPg==\" style=\"--smush-placeholder-width: 1080px; --smush-placeholder-aspect-ratio: 1080\/810;\" \/><\/figure>\n<\/figure>\n","protected":false},"excerpt":{"rendered":"<p>Odr\u017eali smo koordinaciju sa gerontodoma\u010dicama iz programa Za\u017eeli faza IV. Uz ugodno dru\u017eenje postavili smo nove ciljeve za sljede\u0107u godinu kako bi na\u0161im korisnicima pru\u017eili \u0161to kvalitetniju uslugu. Kako bi unaprijedili svoje usluge sudjelovali smo na radionici Tanje Jakovac u sklopu projekta &#8220;Mo\u017eemo II&#8221; kojeg provodi Crveni kri\u017e Delnice. Tema radionice &#8220;Nasilje u obitelji prema [&hellip;]<\/p>\n","protected":false},"author":1,"featured_media":1479,"comment_status":"closed","ping_status":"open","sticky":false,"template":"","format":"standard","meta":{"_et_pb_use_builder":"off","_et_pb_old_content":"","_et_gb_content_width":"","footnotes":""},"categories":[4],"tags":[],"class_list":["post-1478","post","type-post","status-publish","format-standard","has-post-thumbnail","hentry","category-vijesti"],"_links":{"self":[{"href":"https:\/\/crveni-kriz-delnice.hr\/index.php\/wp-json\/wp\/v2\/posts\/1478","targetHints":{"allow":["GET"]}}],"collection":[{"href":"https:\/\/crveni-kriz-delnice.hr\/index.php\/wp-json\/wp\/v2\/posts"}],"about":[{"href":"https:\/\/crveni-kriz-delnice.hr\/index.php\/wp-json\/wp\/v2\/types\/post"}],"author":[{"embeddable":true,"href":"https:\/\/crveni-kriz-delnice.hr\/index.php\/wp-json\/wp\/v2\/users\/1"}],"replies":[{"embeddable":true,"href":"https:\/\/crveni-kriz-delnice.hr\/index.php\/wp-json\/wp\/v2\/comments?post=1478"}],"version-history":[{"count":1,"href":"https:\/\/crveni-kriz-delnice.hr\/index.php\/wp-json\/wp\/v2\/posts\/1478\/revisions"}],"predecessor-version":[{"id":1484,"href":"https:\/\/crveni-kriz-delnice.hr\/index.php\/wp-json\/wp\/v2\/posts\/1478\/revisions\/1484"}],"wp:featuredmedia":[{"embeddable":true,"href":"https:\/\/crveni-kriz-delnice.hr\/index.php\/wp-json\/wp\/v2\/media\/1479"}],"wp:attachment":[{"href":"https:\/\/crveni-kriz-delnice.hr\/index.php\/wp-json\/wp\/v2\/media?parent=1478"}],"wp:term":[{"taxonomy":"category","embeddable":true,"href":"https:\/\/crveni-kriz-delnice.hr\/index.php\/wp-json\/wp\/v2\/categories?post=1478"},{"taxonomy":"post_tag","embeddable":true,"href":"https:\/\/crveni-kriz-delnice.hr\/index.php\/wp-json\/wp\/v2\/tags?post=1478"}],"curies":[{"name":"wp","href":"https:\/\/api.w.org\/{rel}","templated":true}]}}