{"id":1425,"date":"2024-11-12T09:07:09","date_gmt":"2024-11-12T09:07:09","guid":{"rendered":"https:\/\/crveni-kriz-delnice.hr\/?p=1425"},"modified":"2024-11-19T09:09:49","modified_gmt":"2024-11-19T09:09:49","slug":"predavanje-u-sklopu-nacionalnog-programa-borbe-protiv-raka-dojke","status":"publish","type":"post","link":"https:\/\/crveni-kriz-delnice.hr\/index.php\/predavanje-u-sklopu-nacionalnog-programa-borbe-protiv-raka-dojke\/","title":{"rendered":"Predavanje u sklopu nacionalnog programa borbe protiv raka dojke"},"content":{"rendered":"\n<p>U ponedjeljak, 11.11., u prostoru delni\u010dke knji\u017enice dobili smo niz vrijednih informacija i stekli nova znanja o interdisciplinarnom pristupu lije\u010denja onkolo\u0161kih bolesnika.<\/p>\n\n\n\n<p>Danas, program skrbi za onkolo\u0161kog bolesnika, ali i drugih bolesnika uz kvalitetno lije\u010denje zahtjeva i brigu da se pacijent dobro osje\u0107a kako bi bio dovoljno jak da izdr\u017ei fizi\u010dki i psiholo\u0161ki napor koji donosi lije\u010denje. Potrebno mu je osigurati i da nastavi \u017eivotnu rutinu s obitelji, prijateljima i zajednicom za vrijeme lije\u010denja, ali i omogu\u0107iti bolesniku ekonomsku i socijalnu potporu, istaknula je doktorica Prim.dr.sc. Ira Pavlovi\u0107 Ru\u017ei\u0107, dr.med., Predsjednica Lige protiv raka.<\/p>\n\n\n\n<p>\u201eKvaliteta \u017eivota bolesnika s rakom &#8211; zajedni\u010dki pristup medicine i dru\u0161tva\u201c. Navedena tema predavanja stavlja naglasak na okolinu, zajednicu u kojoj \u017eive pacijenti. Dru\u0161tvo i okolina u mnogo\u010demu mogu pomo\u0107i svojim gra\u0111anima, ali i udruge koje organiziraju dru\u017eenja, predavanja, grupe potpore.<\/p>\n\n\n\n<p>Istaknuto je koliko mogu udruge pomo\u0107i bolesnicima putem organiziranih dru\u017eenja osoba sa sli\u010dnim iskustvima, tra\u017eenjima savjeta, upitima. U tom slu\u010daju udruge osiguravaju razmjena to\u010dnih informacija.<\/p>\n\n\n\n<p>Koliko god lokalne udruge nastoje pomo\u0107i, savjetovati na\u0161e gra\u0111ane, bolesnike i njihove obitelji, jo\u0161 uvijek postoji potreba za unapre\u0111enjem sustava. Danas se organiziraju prijevozi za onkolo\u0161ke bolesnike na preglede, terapije, dok Zavodi za socijalnu skrb pru\u017eaju mogu\u0107nost dobivanja razli\u010ditih informacija potpore i podr\u0161ke bolesnicima.<\/p>\n\n\n\n<p>Tako u Gorskome kotaru postoji organizirani prijevoz za onkolo\u0161ke bolesnike i savjetovali\u0161te Izvor pri Crvenom kri\u017eu Delnice koji pru\u017eaju potporu i podr\u0161ku bolesnicima i njihovim obiteljima. Udruga Nada iz Rijeke, kao i Liga protiv raka Primorsko \u2013 goranske \u017eupanije tako\u0111er organiziraju i pru\u017eaju podr\u0161ku na\u0161im gra\u0111anima. I ovo predavanje koje je jedno u nizu, jedan je od oblika pru\u017eanja adekvatne pomo\u0107i gra\u0111anima.<\/p>\n\n\n\n<p>Predavanje je zaklju\u010dila s porukom da svi, i pojedinac i udruge i institucije, zajedno sa zdravstvenim djelatnicima, mogu uspje\u0161no i pozitivno djelovati na krajnji ishod bolesti i stanje bolesnika.<\/p>\n\n\n\n<p>Predavanje je organizirano u sklopu nacionalnog programa borbe protiv raka dojke. Ovim putem dotakli smo se i mu\u0161karaca i borbe protiv raka prostate. Mjesec studeni je mjesec u kojem se ve\u0107 tradicionalno \u017eeli podi\u0107i svijest i upozoriti na va\u017enost borbe protiv raka prostate. Ova bolest javlja se naj\u010de\u0161\u0107e kod mu\u0161karaca starijih od 50 godina, te se rizik obolijevanja pove\u0107ava sa starenjem. Rak prostate spada u jedan od naj\u010de\u0161\u0107ih oblika karcinoma kod mu\u0161karaca.<\/p>\n\n\n\n<p>Pozivamo \u017eene, goranke, koje imaju nedoumice, dodatna pitanja mogu se obratiti udruzi Nada na tel 051 371 062 ili 097 613 9715.<\/p>\n\n\n\n<p>Savjetovali\u0161te IZVOR pri Crvenom kri\u017eu Delnice pru\u017ea besplatnu podr\u0161ku \u017eenama, onkolo\u0161kim bolesnicima i njihovim obiteljima.<\/p>\n\n\n\n<p>Sude\u0107i po reakcijama prisutnih, i po zavr\u0161etku predavanja neformalnim razgovorom prisutnih, predavanje je bilo zanimljivo i pou\u010dno. Sudionici su i dobili obrazovno \u2013 promotivne materijale o navedenim temama.<\/p>\n\n\n\n<p>Organizatori:<\/p>\n\n\n\n<ul class=\"wp-block-list\">\n<li>Liga protiv raka Primorsko \u2013 goranske \u017eupanije<\/li>\n\n\n\n<li>Liga protiv raka Primorsko \u2013 goranske \u017eupanije \u2013 podru\u017enica Gorski kotar<\/li>\n\n\n\n<li>Gradsko dru\u0161tvo Crvenog kri\u017ea Delnice<\/li>\n<\/ul>\n\n\n\n<figure class=\"wp-block-gallery has-nested-images columns-default is-cropped wp-block-gallery-1 is-layout-flex wp-block-gallery-is-layout-flex\">\n<figure class=\"wp-block-image size-large\"><a href=\"https:\/\/crveni-kriz-delnice.hr\/wp-content\/uploads\/2024\/11\/IMG-0c1c902d5ab9e2d662f3cc9b505ed281-V.jpg\" data-rel=\"lightbox-image-0\" data-rl_title=\"\" data-rl_caption=\"\" title=\"\"><img decoding=\"async\" width=\"1600\" height=\"1200\" data-id=\"1426\" data-src=\"https:\/\/crveni-kriz-delnice.hr\/wp-content\/uploads\/2024\/11\/IMG-0c1c902d5ab9e2d662f3cc9b505ed281-V.jpg\" alt=\"\" class=\"wp-image-1426 lazyload\" src=\"data:image\/svg+xml;base64,PHN2ZyB3aWR0aD0iMSIgaGVpZ2h0PSIxIiB4bWxucz0iaHR0cDovL3d3dy53My5vcmcvMjAwMC9zdmciPjwvc3ZnPg==\" style=\"--smush-placeholder-width: 1600px; --smush-placeholder-aspect-ratio: 1600\/1200;\" \/><\/a><\/figure>\n\n\n\n<figure class=\"wp-block-image size-large\"><a href=\"https:\/\/crveni-kriz-delnice.hr\/wp-content\/uploads\/2024\/11\/IMG-537d466467c4c786f5ab136e440e82b9-V.jpg\" data-rel=\"lightbox-image-1\" data-rl_title=\"\" data-rl_caption=\"\" title=\"\"><img decoding=\"async\" width=\"1600\" height=\"1200\" data-id=\"1427\" data-src=\"https:\/\/crveni-kriz-delnice.hr\/wp-content\/uploads\/2024\/11\/IMG-537d466467c4c786f5ab136e440e82b9-V.jpg\" alt=\"\" class=\"wp-image-1427 lazyload\" src=\"data:image\/svg+xml;base64,PHN2ZyB3aWR0aD0iMSIgaGVpZ2h0PSIxIiB4bWxucz0iaHR0cDovL3d3dy53My5vcmcvMjAwMC9zdmciPjwvc3ZnPg==\" style=\"--smush-placeholder-width: 1600px; --smush-placeholder-aspect-ratio: 1600\/1200;\" \/><\/a><\/figure>\n\n\n\n<figure class=\"wp-block-image size-large\"><a href=\"https:\/\/crveni-kriz-delnice.hr\/wp-content\/uploads\/2024\/11\/IMG-3d40c9d399e5ea144494be431f5ee62c-V.jpg\" data-rel=\"lightbox-image-2\" data-rl_title=\"\" data-rl_caption=\"\" title=\"\"><img decoding=\"async\" width=\"1600\" height=\"1200\" data-id=\"1428\" data-src=\"https:\/\/crveni-kriz-delnice.hr\/wp-content\/uploads\/2024\/11\/IMG-3d40c9d399e5ea144494be431f5ee62c-V.jpg\" alt=\"\" class=\"wp-image-1428 lazyload\" src=\"data:image\/svg+xml;base64,PHN2ZyB3aWR0aD0iMSIgaGVpZ2h0PSIxIiB4bWxucz0iaHR0cDovL3d3dy53My5vcmcvMjAwMC9zdmciPjwvc3ZnPg==\" style=\"--smush-placeholder-width: 1600px; --smush-placeholder-aspect-ratio: 1600\/1200;\" \/><\/a><\/figure>\n<\/figure>\n","protected":false},"excerpt":{"rendered":"<p>U ponedjeljak, 11.11., u prostoru delni\u010dke knji\u017enice dobili smo niz vrijednih informacija i stekli nova znanja o interdisciplinarnom pristupu lije\u010denja onkolo\u0161kih bolesnika. Danas, program skrbi za onkolo\u0161kog bolesnika, ali i drugih bolesnika uz kvalitetno lije\u010denje zahtjeva i brigu da se pacijent dobro osje\u0107a kako bi bio dovoljno jak da izdr\u017ei fizi\u010dki i psiholo\u0161ki napor koji [&hellip;]<\/p>\n","protected":false},"author":1,"featured_media":1426,"comment_status":"closed","ping_status":"open","sticky":false,"template":"","format":"standard","meta":{"_et_pb_use_builder":"off","_et_pb_old_content":"","_et_gb_content_width":"","footnotes":""},"categories":[4],"tags":[],"class_list":["post-1425","post","type-post","status-publish","format-standard","has-post-thumbnail","hentry","category-vijesti"],"_links":{"self":[{"href":"https:\/\/crveni-kriz-delnice.hr\/index.php\/wp-json\/wp\/v2\/posts\/1425","targetHints":{"allow":["GET"]}}],"collection":[{"href":"https:\/\/crveni-kriz-delnice.hr\/index.php\/wp-json\/wp\/v2\/posts"}],"about":[{"href":"https:\/\/crveni-kriz-delnice.hr\/index.php\/wp-json\/wp\/v2\/types\/post"}],"author":[{"embeddable":true,"href":"https:\/\/crveni-kriz-delnice.hr\/index.php\/wp-json\/wp\/v2\/users\/1"}],"replies":[{"embeddable":true,"href":"https:\/\/crveni-kriz-delnice.hr\/index.php\/wp-json\/wp\/v2\/comments?post=1425"}],"version-history":[{"count":1,"href":"https:\/\/crveni-kriz-delnice.hr\/index.php\/wp-json\/wp\/v2\/posts\/1425\/revisions"}],"predecessor-version":[{"id":1429,"href":"https:\/\/crveni-kriz-delnice.hr\/index.php\/wp-json\/wp\/v2\/posts\/1425\/revisions\/1429"}],"wp:featuredmedia":[{"embeddable":true,"href":"https:\/\/crveni-kriz-delnice.hr\/index.php\/wp-json\/wp\/v2\/media\/1426"}],"wp:attachment":[{"href":"https:\/\/crveni-kriz-delnice.hr\/index.php\/wp-json\/wp\/v2\/media?parent=1425"}],"wp:term":[{"taxonomy":"category","embeddable":true,"href":"https:\/\/crveni-kriz-delnice.hr\/index.php\/wp-json\/wp\/v2\/categories?post=1425"},{"taxonomy":"post_tag","embeddable":true,"href":"https:\/\/crveni-kriz-delnice.hr\/index.php\/wp-json\/wp\/v2\/tags?post=1425"}],"curies":[{"name":"wp","href":"https:\/\/api.w.org\/{rel}","templated":true}]}}