{"id":1166,"date":"2024-04-02T12:29:59","date_gmt":"2024-04-02T12:29:59","guid":{"rendered":"https:\/\/crveni-kriz-delnice.hr\/?p=1166"},"modified":"2024-04-02T12:30:00","modified_gmt":"2024-04-02T12:30:00","slug":"akcija-mjerenja-secera-i-tlaka-u-delnicama","status":"publish","type":"post","link":"https:\/\/crveni-kriz-delnice.hr\/index.php\/akcija-mjerenja-secera-i-tlaka-u-delnicama\/","title":{"rendered":"Akcija mjerenja \u0161e\u0107era i tlaka u Delnicama"},"content":{"rendered":"\n<p>Povodom Svjetskog dana zdravlja 07.04., Gradsko dru\u0161tvo Crvenog kri\u017ea Delnice u suradnji s Domom zdravlja dr. Josip Kajfe\u0161 iz Delnica i Nastavnim zavodom za javno zdravstvo Primorsko \u2013 goranske \u017eupanije organizira <strong>akciju mjerenja \u0161e\u0107era i tlaka u Delnicama, 04.04.2024. od 09:00 do 11:00 sati, ispred upravne zgrade Grada Delnica.<\/strong><\/p>\n\n\n\n<p>Ove godine na Svjetski dan zdravlja, 7. travnja, Svjetska zdravstvena organizacija pod sloganom \u201eZdravlje za sve\u201c obilje\u017eava 75. godi\u0161njicu postojanja.<\/p>\n\n\n\n<p>Povodom obilje\u017eavanja preko sedam desetlje\u0107a djelovanja Svjetska zdravstvena organizacija koristi priliku da se osvrne na uspjehe javnog zdravstva i njihov pozitivan utjecaj na kvalitetu \u017eivota, ali i na otvaranje razgovora o aktivnostima koje nam tek slijedi, a koje \u0107e doprinijeti rje\u0161avanju zdravstvenih izazova \u2013 aktualnih i budu\u0107ih.<\/p>\n\n\n\n<p>Slogan \u201eZdravlje za sve\u201c odabran je kako bi se skrenula pozornost na zdravlje kao osnovno ljudsko pravo, a \u0161to podrazumijeva da svatko ima pristup zdravstvenim uslugama koje treba, kada treba i gdje ih treba, bez financijskih pote\u0161ko\u0107a.<\/p>\n","protected":false},"excerpt":{"rendered":"<p>Povodom Svjetskog dana zdravlja 07.04., Gradsko dru\u0161tvo Crvenog kri\u017ea Delnice u suradnji s Domom zdravlja dr. Josip Kajfe\u0161 iz Delnica i Nastavnim zavodom za javno zdravstvo Primorsko \u2013 goranske \u017eupanije organizira akciju mjerenja \u0161e\u0107era i tlaka u Delnicama, 04.04.2024. od 09:00 do 11:00 sati, ispred upravne zgrade Grada Delnica. Ove godine na Svjetski dan zdravlja, [&hellip;]<\/p>\n","protected":false},"author":1,"featured_media":0,"comment_status":"closed","ping_status":"open","sticky":false,"template":"","format":"standard","meta":{"_et_pb_use_builder":"off","_et_pb_old_content":"","_et_gb_content_width":"","footnotes":""},"categories":[7],"tags":[],"class_list":["post-1166","post","type-post","status-publish","format-standard","hentry","category-obavijesti"],"_links":{"self":[{"href":"https:\/\/crveni-kriz-delnice.hr\/index.php\/wp-json\/wp\/v2\/posts\/1166","targetHints":{"allow":["GET"]}}],"collection":[{"href":"https:\/\/crveni-kriz-delnice.hr\/index.php\/wp-json\/wp\/v2\/posts"}],"about":[{"href":"https:\/\/crveni-kriz-delnice.hr\/index.php\/wp-json\/wp\/v2\/types\/post"}],"author":[{"embeddable":true,"href":"https:\/\/crveni-kriz-delnice.hr\/index.php\/wp-json\/wp\/v2\/users\/1"}],"replies":[{"embeddable":true,"href":"https:\/\/crveni-kriz-delnice.hr\/index.php\/wp-json\/wp\/v2\/comments?post=1166"}],"version-history":[{"count":1,"href":"https:\/\/crveni-kriz-delnice.hr\/index.php\/wp-json\/wp\/v2\/posts\/1166\/revisions"}],"predecessor-version":[{"id":1167,"href":"https:\/\/crveni-kriz-delnice.hr\/index.php\/wp-json\/wp\/v2\/posts\/1166\/revisions\/1167"}],"wp:attachment":[{"href":"https:\/\/crveni-kriz-delnice.hr\/index.php\/wp-json\/wp\/v2\/media?parent=1166"}],"wp:term":[{"taxonomy":"category","embeddable":true,"href":"https:\/\/crveni-kriz-delnice.hr\/index.php\/wp-json\/wp\/v2\/categories?post=1166"},{"taxonomy":"post_tag","embeddable":true,"href":"https:\/\/crveni-kriz-delnice.hr\/index.php\/wp-json\/wp\/v2\/tags?post=1166"}],"curies":[{"name":"wp","href":"https:\/\/api.w.org\/{rel}","templated":true}]}}