{"id":1162,"date":"2024-03-21T10:55:00","date_gmt":"2024-03-21T10:55:00","guid":{"rendered":"https:\/\/crveni-kriz-delnice.hr\/?p=1162"},"modified":"2024-03-21T10:55:01","modified_gmt":"2024-03-21T10:55:01","slug":"javni-poziv-za-zaposljavanje-u-sklopu-projekta-pruzimo-ruke-ii-zazeli-prevencija-institucionalizacije-sf-3-4-11-01-0056","status":"publish","type":"post","link":"https:\/\/crveni-kriz-delnice.hr\/index.php\/javni-poziv-za-zaposljavanje-u-sklopu-projekta-pruzimo-ruke-ii-zazeli-prevencija-institucionalizacije-sf-3-4-11-01-0056\/","title":{"rendered":"JAVNI POZIV za zapo\u0161ljavanje u sklopu projekta \u201ePru\u017eimo ruke II \u2013 Za\u017eeli-prevencija institucionalizacije \u201c, SF.3.4.11.01.0056"},"content":{"rendered":"\n<p>Na temelju odredbe \u010dlanka 31. Statuta Hrvatskog Crvenog kri\u017ea Gradskog dru\u0161tva Crvenog kri\u017ea Delnice, a u skladu s Odlukom o financiranju Ministarstva rada, mirovinskog sustava, obitelji i socijalne politike KLASA: 984-01\/23-01\/29, URBROJ: 524-07-02-01-01\/2-24-19 od 08. velja\u010de 2024. te Odluke o izmjenama i dopunama KLASA: 984-01\/23-01\/29, URBROJ: 524-07-02-01-01\/2-24-22 i Ugovora o dodjeli bespovratnih sredstava Kodni broj: SF.3.4.11.01.0056 od 01. o\u017eujka 2024. godine<br>Europskog socijalnog fonda plus u okviru Programa U\u010dinkoviti ljudski potencijali 2021-2027. \u201ePru\u017eimo ruke II\u201c \u2013 ZA\u017dELI \u2013 PREVENCIJA INSTITUCIONALIZACIJE, ravnateljica Hrvatskog Crvenog kri\u017ea Gradskog dru\u0161tva Crvenog kri\u017ea Delnice objavljuje<\/p>\n\n\n\n<p class=\"has-text-align-center\">JAVNI POZIV<br>za zapo\u0161ljavanje<br>u sklopu projekta \u201ePru\u017eimo ruke II \u2013 Za\u017eeli-prevencija institucionalizacije \u201c, SF.3.4.11.01.0056<\/p>\n\n\n\n<p>Predmet Javnog poziva:<br>Zapo\u0161ljavanje radnika\/ radnice za pru\u017eanje potpore i podr\u0161ke u svakodnevnom \u017eivotu starijim osobama i osobama s invaliditetom na odre\u0111eno vrijeme u trajanju do 32 mjeseca u punom radnom vremenu radi provedbe aktivnosti u sklopu projekta \u201ePru\u017eimo ruke II \u2013 Za\u017eeli- prevencija institucionalizacije, SF.3.4.11.01.0056, financiranog iz Europskog socijalnog fonda plus Program U\u010dinkoviti ljudski potencijali 2021. \u2013 2027.<\/p>\n\n\n\n<p>Naziv radnog mjesta: radnik\/radnica za pru\u017eanje potpore i podr\u0161ke starijim osobama i osobama s invaliditetom (program Za\u017eeli)<\/p>\n\n\n\n<p>Broj tra\u017eenih radnika\/radnica: 20<\/p>\n\n\n\n<p>Vrsta zaposlenja: radni odnos na odre\u0111eno vrijeme \u2013 do 32 mjeseca<\/p>\n\n\n\n<p>Radno vrijeme: puno radno vrijeme<\/p>\n\n\n\n<p>Mjesto rada: Grad Delnice, Op\u0107ina Mrkopalj i Op\u0107ina Brod Moravice<\/p>\n\n\n\n<ul class=\"wp-block-list\">\n<li><a href=\"https:\/\/delnice.hr\/wp-content\/uploads\/2024\/03\/01_javni-poziv-za-zapo\u0161ljavanje.pdf\">JAVNI POZIV za zapo\u0161ljavanje u sklopu projekta \u201ePru\u017eimo ruke II \u2013 Za\u017eeli-prevencija institucionalizacije \u201c, SF.3.4.11.01.0056 &#8211; puni tekst natje\u010daja (.pdf)<\/a><\/li>\n\n\n\n<li><a href=\"https:\/\/delnice.hr\/wp-content\/uploads\/2024\/03\/Obrazac-prijave-za-zapo\u0161ljavanje.pdf\">Obrazac prijave (.pdf)<\/a><\/li>\n<\/ul>\n","protected":false},"excerpt":{"rendered":"<p>Na temelju odredbe \u010dlanka 31. Statuta Hrvatskog Crvenog kri\u017ea Gradskog dru\u0161tva Crvenog kri\u017ea Delnice, a u skladu s Odlukom o financiranju Ministarstva rada, mirovinskog sustava, obitelji i socijalne politike KLASA: 984-01\/23-01\/29, URBROJ: 524-07-02-01-01\/2-24-19 od 08. velja\u010de 2024. te Odluke o izmjenama i dopunama KLASA: 984-01\/23-01\/29, URBROJ: 524-07-02-01-01\/2-24-22 i Ugovora o dodjeli bespovratnih sredstava Kodni broj: [&hellip;]<\/p>\n","protected":false},"author":1,"featured_media":0,"comment_status":"closed","ping_status":"open","sticky":false,"template":"","format":"standard","meta":{"_et_pb_use_builder":"off","_et_pb_old_content":"","_et_gb_content_width":"","footnotes":""},"categories":[6],"tags":[],"class_list":["post-1162","post","type-post","status-publish","format-standard","hentry","category-natjecaji"],"_links":{"self":[{"href":"https:\/\/crveni-kriz-delnice.hr\/index.php\/wp-json\/wp\/v2\/posts\/1162","targetHints":{"allow":["GET"]}}],"collection":[{"href":"https:\/\/crveni-kriz-delnice.hr\/index.php\/wp-json\/wp\/v2\/posts"}],"about":[{"href":"https:\/\/crveni-kriz-delnice.hr\/index.php\/wp-json\/wp\/v2\/types\/post"}],"author":[{"embeddable":true,"href":"https:\/\/crveni-kriz-delnice.hr\/index.php\/wp-json\/wp\/v2\/users\/1"}],"replies":[{"embeddable":true,"href":"https:\/\/crveni-kriz-delnice.hr\/index.php\/wp-json\/wp\/v2\/comments?post=1162"}],"version-history":[{"count":1,"href":"https:\/\/crveni-kriz-delnice.hr\/index.php\/wp-json\/wp\/v2\/posts\/1162\/revisions"}],"predecessor-version":[{"id":1163,"href":"https:\/\/crveni-kriz-delnice.hr\/index.php\/wp-json\/wp\/v2\/posts\/1162\/revisions\/1163"}],"wp:attachment":[{"href":"https:\/\/crveni-kriz-delnice.hr\/index.php\/wp-json\/wp\/v2\/media?parent=1162"}],"wp:term":[{"taxonomy":"category","embeddable":true,"href":"https:\/\/crveni-kriz-delnice.hr\/index.php\/wp-json\/wp\/v2\/categories?post=1162"},{"taxonomy":"post_tag","embeddable":true,"href":"https:\/\/crveni-kriz-delnice.hr\/index.php\/wp-json\/wp\/v2\/tags?post=1162"}],"curies":[{"name":"wp","href":"https:\/\/api.w.org\/{rel}","templated":true}]}}