{"id":1086,"date":"2024-02-28T14:11:23","date_gmt":"2024-02-28T14:11:23","guid":{"rendered":"https:\/\/crveni-kriz-delnice.hr\/?p=1086"},"modified":"2024-02-29T07:31:01","modified_gmt":"2024-02-29T07:31:01","slug":"goranski-osmasi-postali-juniori-spasioci","status":"publish","type":"post","link":"https:\/\/crveni-kriz-delnice.hr\/index.php\/goranski-osmasi-postali-juniori-spasioci\/","title":{"rendered":"Goranski osma\u0161i postali juniori spasioci"},"content":{"rendered":"\n<p>Uspje\u0161no je zavr\u0161io trodnevni te\u010daj Junior spasilac u Delnicama. Devetoro u\u010denika osmih razreda iz Delnica i Fu\u017eina polo\u017eilo je ispit za Juniora spasilaca. Te\u010daj se provodio u organizaciji<\/p>\n\n\n\n<p>Gradskog dru\u0161tva Crvenog kri\u017ea Delnice i Slu\u017ebe spa\u0161avanja \u017eivota na vodi Hrvatskog Crvenog kri\u017ea<\/p>\n\n\n\n<p>Te\u010daj se odr\u017eavao od 26. do 28. velja\u010de u Sportskoj dvorani &#8211; bazen u Delnicama i u prostorijama GDCK Delnice. \u201eJunior Spasilac\u201c je trodnevni te\u010daj koji ima svrhu upoznavanja djece sa stvarnim poslom i vje\u0161tinama spasioca. Te\u010daj ja namjenjen za polaznike sedmih i osmih razreda koji su dobri u\u010denici i dobri pliva\u010di. Te\u010dajem su obuhva\u0107ene cjeline iz prve pomo\u0107i i spasila\u010dkih vje\u0161tina. Zadnji dan te\u010daja pola\u017ee se ispit kako iz teoretskog dijela, tako i prakti\u010dnog.<\/p>\n\n\n\n<p>Sudjelovali su u\u010denici O\u0160 Ivanke Trohar, Fu\u017eine (5 u\u010denika), i O\u0160 I.G.Kova\u010di\u0107a Delnice (4) u\u010denika.<\/p>\n\n\n\n<p>U\u010denike je iz prve pomo\u0107i educirala je Tajana Jakovac, a iz spasila\u010dkih vje\u0161tina Ivan Uravi\u0107, koordinator Slu\u017ebe spa\u0161avanja Primorsko \u2013 goranske \u017eupanije. Na\u0161i mladi volonteri Luis Ferderber i Paola \u017divanovi\u0107 bili su podr\u0161ka u provedbi te\u010daja I time stjecali znanja I vje\u0161tine edukatora za samostalno odr\u017eavanje predavanja.<\/p>\n\n\n\n<p>Po\u010detkom 1996. godine Hrvatski Crveni kri\u017e postao je punopravni \u010dlan Me\u0111unarodne federacije za spa\u0161avanje \u017eivota na vodi (International Life Saving-Federation &#8211; ILS). Nakon primitka u \u010dlanstvo, Hrvatski Crveni kri\u017e zapo\u010deo je s ustrojem Slu\u017ebe spa\u0161avanja \u017eivota na vodi i ekolo\u0161ke za\u0161tite priobalja u Hrvatskoj.<\/p>\n\n\n\n<p>\u010clanstvom u toj svjetskoj organizaciji Hrvatskom Crvenom kri\u017eu omogu\u0107eno je sudjelovanje u izradi i primjeni svjetskih i europskih standarda kad je rije\u010d o spa\u0161avanju iz vode i prevenciji nesre\u0107a na vodi.<\/p>\n\n\n\n<figure class=\"wp-block-gallery has-nested-images columns-default is-cropped wp-block-gallery-1 is-layout-flex wp-block-gallery-is-layout-flex\">\n<figure class=\"wp-block-image size-large\"><a href=\"https:\/\/crveni-kriz-delnice.hr\/wp-content\/uploads\/2024\/02\/20240227_110656.jpg\" data-rel=\"lightbox-image-0\" data-rl_title=\"\" data-rl_caption=\"\" title=\"\"><img decoding=\"async\" width=\"1080\" height=\"608\" data-id=\"1087\" data-src=\"https:\/\/crveni-kriz-delnice.hr\/wp-content\/uploads\/2024\/02\/20240227_110656.jpg\" alt=\"\" class=\"wp-image-1087 lazyload\" src=\"data:image\/svg+xml;base64,PHN2ZyB3aWR0aD0iMSIgaGVpZ2h0PSIxIiB4bWxucz0iaHR0cDovL3d3dy53My5vcmcvMjAwMC9zdmciPjwvc3ZnPg==\" style=\"--smush-placeholder-width: 1080px; --smush-placeholder-aspect-ratio: 1080\/608;\" \/><\/a><\/figure>\n\n\n\n<figure class=\"wp-block-image size-large\"><a href=\"https:\/\/crveni-kriz-delnice.hr\/wp-content\/uploads\/2024\/02\/20240228_090100.jpg\" data-rel=\"lightbox-image-1\" data-rl_title=\"\" data-rl_caption=\"\" title=\"\"><img decoding=\"async\" width=\"1080\" height=\"608\" data-id=\"1088\" data-src=\"https:\/\/crveni-kriz-delnice.hr\/wp-content\/uploads\/2024\/02\/20240228_090100.jpg\" alt=\"\" class=\"wp-image-1088 lazyload\" src=\"data:image\/svg+xml;base64,PHN2ZyB3aWR0aD0iMSIgaGVpZ2h0PSIxIiB4bWxucz0iaHR0cDovL3d3dy53My5vcmcvMjAwMC9zdmciPjwvc3ZnPg==\" style=\"--smush-placeholder-width: 1080px; --smush-placeholder-aspect-ratio: 1080\/608;\" \/><\/a><\/figure>\n\n\n\n<figure class=\"wp-block-image size-large\"><a href=\"https:\/\/crveni-kriz-delnice.hr\/wp-content\/uploads\/2024\/02\/20240228_111828.jpg\" data-rel=\"lightbox-image-2\" data-rl_title=\"\" data-rl_caption=\"\" title=\"\"><img decoding=\"async\" width=\"1080\" height=\"810\" data-id=\"1089\" data-src=\"https:\/\/crveni-kriz-delnice.hr\/wp-content\/uploads\/2024\/02\/20240228_111828.jpg\" alt=\"\" class=\"wp-image-1089 lazyload\" src=\"data:image\/svg+xml;base64,PHN2ZyB3aWR0aD0iMSIgaGVpZ2h0PSIxIiB4bWxucz0iaHR0cDovL3d3dy53My5vcmcvMjAwMC9zdmciPjwvc3ZnPg==\" style=\"--smush-placeholder-width: 1080px; --smush-placeholder-aspect-ratio: 1080\/810;\" \/><\/a><\/figure>\n\n\n\n<figure class=\"wp-block-image size-large\"><a href=\"https:\/\/crveni-kriz-delnice.hr\/wp-content\/uploads\/2024\/02\/IMG-6c01c958e8d5cb66b19ed16da3f70747-V.jpg\" data-rel=\"lightbox-image-3\" data-rl_title=\"\" data-rl_caption=\"\" title=\"\"><img decoding=\"async\" width=\"810\" height=\"1080\" data-id=\"1090\" data-src=\"https:\/\/crveni-kriz-delnice.hr\/wp-content\/uploads\/2024\/02\/IMG-6c01c958e8d5cb66b19ed16da3f70747-V.jpg\" alt=\"\" class=\"wp-image-1090 lazyload\" src=\"data:image\/svg+xml;base64,PHN2ZyB3aWR0aD0iMSIgaGVpZ2h0PSIxIiB4bWxucz0iaHR0cDovL3d3dy53My5vcmcvMjAwMC9zdmciPjwvc3ZnPg==\" style=\"--smush-placeholder-width: 810px; --smush-placeholder-aspect-ratio: 810\/1080;\" \/><\/a><\/figure>\n\n\n\n<figure class=\"wp-block-image size-large\"><a href=\"https:\/\/crveni-kriz-delnice.hr\/wp-content\/uploads\/2024\/02\/IMG-355ad0171c42437d9621ea32aeb3f021-V.jpg\" data-rel=\"lightbox-image-4\" data-rl_title=\"\" data-rl_caption=\"\" title=\"\"><img decoding=\"async\" width=\"810\" height=\"1080\" data-id=\"1091\" data-src=\"https:\/\/crveni-kriz-delnice.hr\/wp-content\/uploads\/2024\/02\/IMG-355ad0171c42437d9621ea32aeb3f021-V.jpg\" alt=\"\" class=\"wp-image-1091 lazyload\" src=\"data:image\/svg+xml;base64,PHN2ZyB3aWR0aD0iMSIgaGVpZ2h0PSIxIiB4bWxucz0iaHR0cDovL3d3dy53My5vcmcvMjAwMC9zdmciPjwvc3ZnPg==\" style=\"--smush-placeholder-width: 810px; --smush-placeholder-aspect-ratio: 810\/1080;\" \/><\/a><\/figure>\n\n\n\n<figure class=\"wp-block-image size-large\"><a href=\"https:\/\/crveni-kriz-delnice.hr\/wp-content\/uploads\/2024\/02\/IMG-c0a9d90a7f4365f5b8e280b8525b8e17-V.jpg\" data-rel=\"lightbox-image-5\" data-rl_title=\"\" data-rl_caption=\"\" title=\"\"><img decoding=\"async\" width=\"810\" height=\"1080\" data-id=\"1092\" data-src=\"https:\/\/crveni-kriz-delnice.hr\/wp-content\/uploads\/2024\/02\/IMG-c0a9d90a7f4365f5b8e280b8525b8e17-V.jpg\" alt=\"\" class=\"wp-image-1092 lazyload\" src=\"data:image\/svg+xml;base64,PHN2ZyB3aWR0aD0iMSIgaGVpZ2h0PSIxIiB4bWxucz0iaHR0cDovL3d3dy53My5vcmcvMjAwMC9zdmciPjwvc3ZnPg==\" style=\"--smush-placeholder-width: 810px; --smush-placeholder-aspect-ratio: 810\/1080;\" \/><\/a><\/figure>\n<\/figure>\n","protected":false},"excerpt":{"rendered":"<p>Uspje\u0161no je zavr\u0161io trodnevni te\u010daj Junior spasilac u Delnicama. Devetoro u\u010denika osmih razreda iz Delnica i Fu\u017eina polo\u017eilo je ispit za Juniora spasilaca. Te\u010daj se provodio u organizaciji Gradskog dru\u0161tva Crvenog kri\u017ea Delnice i Slu\u017ebe spa\u0161avanja \u017eivota na vodi Hrvatskog Crvenog kri\u017ea Te\u010daj se odr\u017eavao od 26. do 28. velja\u010de u Sportskoj dvorani &#8211; bazen [&hellip;]<\/p>\n","protected":false},"author":1,"featured_media":1089,"comment_status":"closed","ping_status":"open","sticky":false,"template":"","format":"standard","meta":{"_et_pb_use_builder":"off","_et_pb_old_content":"","_et_gb_content_width":"","footnotes":""},"categories":[4],"tags":[],"class_list":["post-1086","post","type-post","status-publish","format-standard","has-post-thumbnail","hentry","category-vijesti"],"_links":{"self":[{"href":"https:\/\/crveni-kriz-delnice.hr\/index.php\/wp-json\/wp\/v2\/posts\/1086","targetHints":{"allow":["GET"]}}],"collection":[{"href":"https:\/\/crveni-kriz-delnice.hr\/index.php\/wp-json\/wp\/v2\/posts"}],"about":[{"href":"https:\/\/crveni-kriz-delnice.hr\/index.php\/wp-json\/wp\/v2\/types\/post"}],"author":[{"embeddable":true,"href":"https:\/\/crveni-kriz-delnice.hr\/index.php\/wp-json\/wp\/v2\/users\/1"}],"replies":[{"embeddable":true,"href":"https:\/\/crveni-kriz-delnice.hr\/index.php\/wp-json\/wp\/v2\/comments?post=1086"}],"version-history":[{"count":1,"href":"https:\/\/crveni-kriz-delnice.hr\/index.php\/wp-json\/wp\/v2\/posts\/1086\/revisions"}],"predecessor-version":[{"id":1093,"href":"https:\/\/crveni-kriz-delnice.hr\/index.php\/wp-json\/wp\/v2\/posts\/1086\/revisions\/1093"}],"wp:featuredmedia":[{"embeddable":true,"href":"https:\/\/crveni-kriz-delnice.hr\/index.php\/wp-json\/wp\/v2\/media\/1089"}],"wp:attachment":[{"href":"https:\/\/crveni-kriz-delnice.hr\/index.php\/wp-json\/wp\/v2\/media?parent=1086"}],"wp:term":[{"taxonomy":"category","embeddable":true,"href":"https:\/\/crveni-kriz-delnice.hr\/index.php\/wp-json\/wp\/v2\/categories?post=1086"},{"taxonomy":"post_tag","embeddable":true,"href":"https:\/\/crveni-kriz-delnice.hr\/index.php\/wp-json\/wp\/v2\/tags?post=1086"}],"curies":[{"name":"wp","href":"https:\/\/api.w.org\/{rel}","templated":true}]}}